{"id":48209,"date":"2024-04-01T18:10:49","date_gmt":"2024-04-01T18:10:49","guid":{"rendered":"https:\/\/www.odemocratagb.com\/?p=48209"},"modified":"2024-04-01T18:10:50","modified_gmt":"2024-04-01T18:10:50","slug":"estado-maior-pede-julgamento-de-suspeitos-de-tentativa-de-golpe-de-estado","status":"publish","type":"post","link":"https:\/\/www.odemocratagb.com\/?p=48209","title":{"rendered":"ESTADO-MAIOR PEDE JULGAMENTO DE SUSPEITOS DE TENTATIVA DE GOLPE DE ESTADO"},"content":{"rendered":"\n<p class=\"wp-block-paragraph\">O Estado-Maior General das For\u00e7as Armadas da Guin\u00e9-Bissau disse estar preocupado com a\u00a0crise pol\u00edtica que se regista neste momento, por isso pede ao poder judicial\u00a0que crie os\u00a0mecanismos necess\u00e1rios para o julgamento das pessoas suspeitas da tentativa de golpe de Estado o mais r\u00e1pido poss\u00edvel.<\/p>\n\n\n\n<p class=\"wp-block-paragraph\">A posi\u00e7\u00e3o do Estado-Maior foi tornada p\u00fablica pelo seu porta-voz,&nbsp;o&nbsp;brigadeiro general, Samuel Fernandes, numa declara\u00e7\u00e3o aos jornalistas esta segunda-feira, 01 de abril de 2024, depois da visita efetuada&nbsp;\u00e0s&nbsp;unidades da&nbsp;Base A\u00e9rea e&nbsp;da Brigada Mecanizada&nbsp;14 de Novembro, com o intuito de esclarecer&nbsp;aos&nbsp;militares sobre rumores&nbsp;de uma suposta tentativa&nbsp;de golpe de Estado, bem como sensibiliz\u00e1-los para n\u00e3o&nbsp;se&nbsp;envolverem&nbsp;com os pol\u00edticos. &nbsp;&nbsp;<\/p>\n\n\n\n<p class=\"wp-block-paragraph\">O tamb\u00e9m chefe da Divis\u00e3o Central da Intelig\u00eancia Militar reconheceu que na verdade,&nbsp;qualquer pessoa \u00e9 suscet\u00edvel a cometer&nbsp;crimes, participar ou&nbsp;ser acusado de&nbsp;ter feito&nbsp;alguma coisa.&nbsp;Contudo&nbsp;salientou&nbsp;que &#8220;quem deve esclarecer aquele assunto \u00e9&nbsp;o&nbsp;tribunal, de maneira que \u00e9 urgente fazer esse trabalho, porque quem sofre&nbsp;por&nbsp;\u00faltimo \u00e9 a popula\u00e7\u00e3o, quando&nbsp;disparam as&nbsp;armas&#8221;. &nbsp; &nbsp; &nbsp;&nbsp;<\/p>\n\n\n\n<p class=\"wp-block-paragraph\">Samuel Fernandes disse que o&nbsp;objetivo&nbsp;da visita \u00e9 sensibilizar&nbsp;os&nbsp;militares para estarem longe de querelas&nbsp;pol\u00edtico&nbsp;partid\u00e1rias, &#8220;porque estamos a assistir&nbsp;a&nbsp;acusa\u00e7\u00f5es e informa\u00e7\u00f5es&nbsp;nas&nbsp;redes&nbsp;sociais em como&nbsp;o&nbsp;vice-chefe Estado-maior de Ex\u00e9rcito, Baute Yante Na Man, foi&nbsp;detido, n\u00e3o corresponde \u00e0 verdade e alguns dizem que foi visto na casa de um pol\u00edtico, ou seja, uma s\u00e9rie de informa\u00e7\u00f5es que&nbsp;t\u00eam&nbsp;como prop\u00f3sito&nbsp;desestabilizar a Guin\u00e9-Bissau&#8221;.<\/p>\n\n\n\n<p class=\"wp-block-paragraph\">Lembrou ainda que j\u00e1 acompanhou algumas confer\u00eancias de imprensa em que algumas pessoas invocaram quest\u00f5es tribais.\u00a0Por\u00a0isso\u00a0est\u00e3o a alertar a classe castrense que\u00a0as\u00a0for\u00e7as\u00a0armadas\u00a0guineenses\u00a0t\u00eam\u00a0o\u00a0princ\u00edpio da unidade, um por todos e todos por um.<\/p>\n\n\n\n<figure class=\"wp-block-image size-large\"><a href=\"https:\/\/www.odemocratagb.com\/wp-content\/uploads\/2024\/04\/b0a69465-42ba-4751-a921-397a25eb63ed.jpeg\"><img loading=\"lazy\" decoding=\"async\" width=\"1024\" height=\"449\" src=\"https:\/\/www.odemocratagb.com\/wp-content\/uploads\/2024\/04\/b0a69465-42ba-4751-a921-397a25eb63ed-1024x449.jpeg\" alt=\"\" class=\"wp-image-48206\" srcset=\"https:\/\/www.odemocratagb.com\/wp-content\/uploads\/2024\/04\/b0a69465-42ba-4751-a921-397a25eb63ed-1024x449.jpeg 1024w, https:\/\/www.odemocratagb.com\/wp-content\/uploads\/2024\/04\/b0a69465-42ba-4751-a921-397a25eb63ed-300x132.jpeg 300w, https:\/\/www.odemocratagb.com\/wp-content\/uploads\/2024\/04\/b0a69465-42ba-4751-a921-397a25eb63ed-768x337.jpeg 768w, https:\/\/www.odemocratagb.com\/wp-content\/uploads\/2024\/04\/b0a69465-42ba-4751-a921-397a25eb63ed.jpeg 1080w\" sizes=\"auto, (max-width: 1024px) 100vw, 1024px\" \/><\/a><\/figure>\n\n\n\n<p class=\"wp-block-paragraph\">O vice-Chefe de Estado Maior das For\u00e7as Armadas, Mamadu Tur\u00e9, disse que&nbsp;os&nbsp;militares devem sentir pena de si&nbsp;mesmos, porque pegar&nbsp;em&nbsp;armas para lutar entre&nbsp;si pr\u00f3prios&nbsp;n\u00e3o \u00e9 solu\u00e7\u00e3o e quem&nbsp;paga&nbsp;as&nbsp;consequ\u00eancias disso&nbsp;s\u00e3o os&nbsp;pr\u00f3prios&nbsp;militares&nbsp;que depois s\u00e3o&nbsp;detidos&nbsp;e colocados na pris\u00e3o.&nbsp;De&nbsp;maneira que \u00e9 preciso&nbsp;afastarem-se dos&nbsp;pol\u00edticos, caso contr\u00e1rio a Guin\u00e9-Bissau n\u00e3o ter\u00e1 estabilidade.&nbsp;Adiantou&nbsp;que est\u00e1 bem claro e reconhecido que&nbsp;os&nbsp;pol\u00edticos da Guin\u00e9-Bissau,&nbsp;quando n\u00e3o est\u00e3o no poder,&nbsp;o&nbsp;governo n\u00e3o \u00e9 bom como tamb\u00e9m&nbsp;o&nbsp;presidente da Rep\u00fablica.&nbsp;Portanto,&nbsp;\u00e9 preciso que&nbsp;os militares&nbsp;estejam unidos&nbsp;para&nbsp;garantirem&nbsp;a paz&nbsp;e&nbsp;a&nbsp;estabilidade a fim&nbsp;de&nbsp;tranquilizarem&nbsp;os investidores.<\/p>\n\n\n\n<p class=\"wp-block-paragraph\">Mamadu Tur\u00e9&nbsp;disse que os militares devem refletir bem e&nbsp;evitar&nbsp;serem mobilizados pelos pol\u00edticos que depois,&nbsp;quando acontece algo&nbsp;anormal,&nbsp;acabam por recuar, deixando&nbsp;as&nbsp;consequ\u00eancia acima dos que perpetuaram o ato.&nbsp;Acrescentou&nbsp;que,&nbsp;quando um pol\u00edtico convida um militar para fazer levantamento militar, \u00e9 preciso&nbsp;que&nbsp;tenha a&nbsp;coragem de chamar o nome dele, talvez v\u00e3o diminuir essa situa\u00e7\u00e3o que&nbsp;faz&nbsp;v\u00e1rios anos&nbsp;que&nbsp;acontece&nbsp;na Guin\u00e9-Bissau.<\/p>\n\n\n\n<p class=\"wp-block-paragraph\">Por seu lado, o Vice-Chefe de Estado de Ex\u00e9rcito, Baut\u00e9 Yant\u00e9 Na Man, disse que\u00a0a\u00a0acusa\u00e7\u00e3o\u00a0de\u00a0que foi alvo n\u00e3o corresponde \u00e0 verdade porque ele n\u00e3o \u00e9 uma pessoa\u00a0violenta.\u00a0Porque\u00a0se\u00a0existirem\u00a0100 oficiais na Guin\u00e9-Bissau que est\u00e3o a pensar para que n\u00e3o haja\u00a0guerra\u00a0nem\u00a0golpe de estado, Baute Na Man faz parte desse grupo que pensa bem para o pa\u00eds.<\/p>\n\n\n\n<figure class=\"wp-block-image size-large\"><a href=\"https:\/\/www.odemocratagb.com\/wp-content\/uploads\/2024\/04\/0d0c1b1a-cb6e-40f9-be65-b377ee88ef3f.jpeg\"><img loading=\"lazy\" decoding=\"async\" width=\"1024\" height=\"449\" src=\"https:\/\/www.odemocratagb.com\/wp-content\/uploads\/2024\/04\/0d0c1b1a-cb6e-40f9-be65-b377ee88ef3f-1024x449.jpeg\" alt=\"\" class=\"wp-image-48207\" srcset=\"https:\/\/www.odemocratagb.com\/wp-content\/uploads\/2024\/04\/0d0c1b1a-cb6e-40f9-be65-b377ee88ef3f-1024x449.jpeg 1024w, https:\/\/www.odemocratagb.com\/wp-content\/uploads\/2024\/04\/0d0c1b1a-cb6e-40f9-be65-b377ee88ef3f-300x132.jpeg 300w, https:\/\/www.odemocratagb.com\/wp-content\/uploads\/2024\/04\/0d0c1b1a-cb6e-40f9-be65-b377ee88ef3f-768x337.jpeg 768w, https:\/\/www.odemocratagb.com\/wp-content\/uploads\/2024\/04\/0d0c1b1a-cb6e-40f9-be65-b377ee88ef3f.jpeg 1080w\" sizes=\"auto, (max-width: 1024px) 100vw, 1024px\" \/><\/a><\/figure>\n\n\n\n<p class=\"wp-block-paragraph\">\u201cA\u00a0Constitui\u00e7\u00e3o\u00a0da\u00a0Rep\u00fablica\u00a0est\u00e1 bem\u00a0clara\u00a0e costumo ler e vi\u00a0a\u00a0atribui\u00e7\u00e3o das for\u00e7as armadas\u00a0e\u00a0o que devemos fazer.\u00a0A\u00a0sociedade castrense \u00e9 vertical,\u00a0na\u00a0qual recebemos ordem de chefe.\u00a0Se\u00a0um militar pensa que pode sair e fazer o que quiser, deve preparar a sua retaguarda bem, caso contr\u00e1rio assumir\u00e1\u00a0as\u00a0consequ\u00eancias. Quero\u00a0garantir-vos\u00a0que estou sereno e tranquilo e todas as informa\u00e7\u00f5es que ouviram sobre ele,\u00a0n\u00e3o\u00a0correspondem\u00a0\u00e0 verdade.\u00a0Da\u00a0mesma forma,\u00a0quero pedir\u00a0ao\u00a0estado-maior para averiguar bem sobre algu\u00e9m que me viu na casa\u00a0de\u00a0um\u00a0pol\u00edtico para mostrar provas,\u00a0se n\u00e3o vou mover\u00a0uma\u00a0queixa-crime\u00a0contra\u00a0aquele indiv\u00edduo\u201d.<\/p>\n\n\n\n<p class=\"wp-block-paragraph\"><\/p>\n\n\n\n<p class=\"wp-block-paragraph\"><\/p>\n\n\n\n<p class=\"wp-block-paragraph\"><\/p>\n\n\n\n<p class=\"wp-block-paragraph\">Por: Aguinaldo Ampa<\/p>\n","protected":false},"excerpt":{"rendered":"<p>O Estado-Maior General das For\u00e7as Armadas da Guin\u00e9-Bissau disse estar preocupado com a\u00a0crise pol\u00edtica que se regista neste momento, por&#8230;<\/p>\n","protected":false},"author":5,"featured_media":48208,"comment_status":"open","ping_status":"open","sticky":false,"template":"","format":"standard","meta":{"footnotes":""},"categories":[6],"tags":[],"class_list":["post-48209","post","type-post","status-publish","format-standard","has-post-thumbnail","hentry","category-inicio","wpcat-6-id"],"yoast_head":"<!-- This site is optimized with the Yoast SEO plugin v27.5 - https:\/\/yoast.com\/product\/yoast-seo-wordpress\/ -->\n<title>ESTADO-MAIOR PEDE JULGAMENTO DE SUSPEITOS DE TENTATIVA DE GOLPE DE ESTADO - O Democrata GB<\/title>\n<meta name=\"robots\" content=\"index, follow, max-snippet:-1, max-image-preview:large, max-video-preview:-1\" \/>\n<link rel=\"canonical\" href=\"https:\/\/www.odemocratagb.com\/?p=48209\" \/>\n<meta property=\"og:locale\" content=\"pt_BR\" \/>\n<meta property=\"og:type\" content=\"article\" \/>\n<meta property=\"og:title\" content=\"ESTADO-MAIOR PEDE JULGAMENTO DE SUSPEITOS DE TENTATIVA DE GOLPE DE ESTADO - O Democrata GB\" \/>\n<meta property=\"og:description\" content=\"O Estado-Maior General das For\u00e7as Armadas da Guin\u00e9-Bissau disse estar preocupado com a\u00a0crise pol\u00edtica que se regista neste momento, por...\" \/>\n<meta property=\"og:url\" content=\"https:\/\/www.odemocratagb.com\/?p=48209\" \/>\n<meta property=\"og:site_name\" content=\"O Democrata GB\" \/>\n<meta property=\"article:publisher\" content=\"https:\/\/www.facebook.com\/jornaldaguinebissau\" \/>\n<meta property=\"article:published_time\" content=\"2024-04-01T18:10:49+00:00\" \/>\n<meta property=\"article:modified_time\" content=\"2024-04-01T18:10:50+00:00\" \/>\n<meta property=\"og:image\" content=\"https:\/\/www.odemocratagb.com\/wp-content\/uploads\/2024\/04\/7b0c3d8b-df0e-4d40-bc2f-be416c4c392c.jpeg\" \/>\n\t<meta property=\"og:image:width\" content=\"1080\" \/>\n\t<meta property=\"og:image:height\" content=\"474\" \/>\n\t<meta property=\"og:image:type\" content=\"image\/jpeg\" \/>\n<meta name=\"author\" content=\"O DEMOCRATA\" \/>\n<meta name=\"twitter:card\" content=\"summary_large_image\" \/>\n<meta name=\"twitter:label1\" content=\"Escrito por\" \/>\n\t<meta name=\"twitter:data1\" content=\"O DEMOCRATA\" \/>\n\t<meta name=\"twitter:label2\" content=\"Est. tempo de leitura\" \/>\n\t<meta name=\"twitter:data2\" content=\"4 minutos\" \/>\n<script type=\"application\/ld+json\" class=\"yoast-schema-graph\">{\"@context\":\"https:\\\/\\\/schema.org\",\"@graph\":[{\"@type\":\"Article\",\"@id\":\"https:\\\/\\\/www.odemocratagb.com\\\/?p=48209#article\",\"isPartOf\":{\"@id\":\"https:\\\/\\\/www.odemocratagb.com\\\/?p=48209\"},\"author\":{\"name\":\"O DEMOCRATA\",\"@id\":\"https:\\\/\\\/www.odemocratagb.com\\\/#\\\/schema\\\/person\\\/3cfe1f3b5398955456dbd63ea1dca05c\"},\"headline\":\"ESTADO-MAIOR PEDE JULGAMENTO DE SUSPEITOS DE TENTATIVA DE GOLPE DE ESTADO\",\"datePublished\":\"2024-04-01T18:10:49+00:00\",\"dateModified\":\"2024-04-01T18:10:50+00:00\",\"mainEntityOfPage\":{\"@id\":\"https:\\\/\\\/www.odemocratagb.com\\\/?p=48209\"},\"wordCount\":833,\"commentCount\":0,\"publisher\":{\"@id\":\"https:\\\/\\\/www.odemocratagb.com\\\/#organization\"},\"image\":{\"@id\":\"https:\\\/\\\/www.odemocratagb.com\\\/?p=48209#primaryimage\"},\"thumbnailUrl\":\"https:\\\/\\\/www.odemocratagb.com\\\/wp-content\\\/uploads\\\/2024\\\/04\\\/7b0c3d8b-df0e-4d40-bc2f-be416c4c392c.jpeg\",\"articleSection\":[\"Atualidade\"],\"inLanguage\":\"pt-BR\",\"potentialAction\":[{\"@type\":\"CommentAction\",\"name\":\"Comment\",\"target\":[\"https:\\\/\\\/www.odemocratagb.com\\\/?p=48209#respond\"]}]},{\"@type\":\"WebPage\",\"@id\":\"https:\\\/\\\/www.odemocratagb.com\\\/?p=48209\",\"url\":\"https:\\\/\\\/www.odemocratagb.com\\\/?p=48209\",\"name\":\"ESTADO-MAIOR PEDE JULGAMENTO DE SUSPEITOS DE TENTATIVA DE GOLPE DE ESTADO - O Democrata GB\",\"isPartOf\":{\"@id\":\"https:\\\/\\\/www.odemocratagb.com\\\/#website\"},\"primaryImageOfPage\":{\"@id\":\"https:\\\/\\\/www.odemocratagb.com\\\/?p=48209#primaryimage\"},\"image\":{\"@id\":\"https:\\\/\\\/www.odemocratagb.com\\\/?p=48209#primaryimage\"},\"thumbnailUrl\":\"https:\\\/\\\/www.odemocratagb.com\\\/wp-content\\\/uploads\\\/2024\\\/04\\\/7b0c3d8b-df0e-4d40-bc2f-be416c4c392c.jpeg\",\"datePublished\":\"2024-04-01T18:10:49+00:00\",\"dateModified\":\"2024-04-01T18:10:50+00:00\",\"breadcrumb\":{\"@id\":\"https:\\\/\\\/www.odemocratagb.com\\\/?p=48209#breadcrumb\"},\"inLanguage\":\"pt-BR\",\"potentialAction\":[{\"@type\":\"ReadAction\",\"target\":[\"https:\\\/\\\/www.odemocratagb.com\\\/?p=48209\"]}]},{\"@type\":\"ImageObject\",\"inLanguage\":\"pt-BR\",\"@id\":\"https:\\\/\\\/www.odemocratagb.com\\\/?p=48209#primaryimage\",\"url\":\"https:\\\/\\\/www.odemocratagb.com\\\/wp-content\\\/uploads\\\/2024\\\/04\\\/7b0c3d8b-df0e-4d40-bc2f-be416c4c392c.jpeg\",\"contentUrl\":\"https:\\\/\\\/www.odemocratagb.com\\\/wp-content\\\/uploads\\\/2024\\\/04\\\/7b0c3d8b-df0e-4d40-bc2f-be416c4c392c.jpeg\",\"width\":1080,\"height\":474},{\"@type\":\"BreadcrumbList\",\"@id\":\"https:\\\/\\\/www.odemocratagb.com\\\/?p=48209#breadcrumb\",\"itemListElement\":[{\"@type\":\"ListItem\",\"position\":1,\"name\":\"In\u00edcio\",\"item\":\"https:\\\/\\\/www.odemocratagb.com\\\/\"},{\"@type\":\"ListItem\",\"position\":2,\"name\":\"ESTADO-MAIOR PEDE JULGAMENTO DE SUSPEITOS DE TENTATIVA DE GOLPE DE ESTADO\"}]},{\"@type\":\"WebSite\",\"@id\":\"https:\\\/\\\/www.odemocratagb.com\\\/#website\",\"url\":\"https:\\\/\\\/www.odemocratagb.com\\\/\",\"name\":\"O Democrata GB\",\"description\":\"Jornal O Democrata GB\",\"publisher\":{\"@id\":\"https:\\\/\\\/www.odemocratagb.com\\\/#organization\"},\"potentialAction\":[{\"@type\":\"SearchAction\",\"target\":{\"@type\":\"EntryPoint\",\"urlTemplate\":\"https:\\\/\\\/www.odemocratagb.com\\\/?s={search_term_string}\"},\"query-input\":{\"@type\":\"PropertyValueSpecification\",\"valueRequired\":true,\"valueName\":\"search_term_string\"}}],\"inLanguage\":\"pt-BR\"},{\"@type\":\"Organization\",\"@id\":\"https:\\\/\\\/www.odemocratagb.com\\\/#organization\",\"name\":\"O Democrata GB\",\"url\":\"https:\\\/\\\/www.odemocratagb.com\\\/\",\"logo\":{\"@type\":\"ImageObject\",\"inLanguage\":\"pt-BR\",\"@id\":\"https:\\\/\\\/www.odemocratagb.com\\\/#\\\/schema\\\/logo\\\/image\\\/\",\"url\":\"https:\\\/\\\/www.odemocratagb.com\\\/wp-content\\\/uploads\\\/2026\\\/04\\\/logo-odemocratagb.png\",\"contentUrl\":\"https:\\\/\\\/www.odemocratagb.com\\\/wp-content\\\/uploads\\\/2026\\\/04\\\/logo-odemocratagb.png\",\"width\":1250,\"height\":327,\"caption\":\"O Democrata GB\"},\"image\":{\"@id\":\"https:\\\/\\\/www.odemocratagb.com\\\/#\\\/schema\\\/logo\\\/image\\\/\"},\"sameAs\":[\"https:\\\/\\\/www.facebook.com\\\/jornaldaguinebissau\",\"https:\\\/\\\/www.instagram.com\\\/odemocratagb\"]},{\"@type\":\"Person\",\"@id\":\"https:\\\/\\\/www.odemocratagb.com\\\/#\\\/schema\\\/person\\\/3cfe1f3b5398955456dbd63ea1dca05c\",\"name\":\"O DEMOCRATA\",\"image\":{\"@type\":\"ImageObject\",\"inLanguage\":\"pt-BR\",\"@id\":\"https:\\\/\\\/secure.gravatar.com\\\/avatar\\\/77e41e441bd90c527d61f578cf248d6044ee65cdd92e10a7b5405c9a7fa3faa7?s=96&d=mm&r=g\",\"url\":\"https:\\\/\\\/secure.gravatar.com\\\/avatar\\\/77e41e441bd90c527d61f578cf248d6044ee65cdd92e10a7b5405c9a7fa3faa7?s=96&d=mm&r=g\",\"contentUrl\":\"https:\\\/\\\/secure.gravatar.com\\\/avatar\\\/77e41e441bd90c527d61f578cf248d6044ee65cdd92e10a7b5405c9a7fa3faa7?s=96&d=mm&r=g\",\"caption\":\"O DEMOCRATA\"},\"sameAs\":[\"http:\\\/\\\/odemocratagb.com\"],\"url\":\"https:\\\/\\\/www.odemocratagb.com\\\/?author=5\"}]}<\/script>\n<!-- \/ Yoast SEO plugin. -->","yoast_head_json":{"title":"ESTADO-MAIOR PEDE JULGAMENTO DE SUSPEITOS DE TENTATIVA DE GOLPE DE ESTADO - O Democrata GB","robots":{"index":"index","follow":"follow","max-snippet":"max-snippet:-1","max-image-preview":"max-image-preview:large","max-video-preview":"max-video-preview:-1"},"canonical":"https:\/\/www.odemocratagb.com\/?p=48209","og_locale":"pt_BR","og_type":"article","og_title":"ESTADO-MAIOR PEDE JULGAMENTO DE SUSPEITOS DE TENTATIVA DE GOLPE DE ESTADO - O Democrata GB","og_description":"O Estado-Maior General das For\u00e7as Armadas da Guin\u00e9-Bissau disse estar preocupado com a\u00a0crise pol\u00edtica que se regista neste momento, por...","og_url":"https:\/\/www.odemocratagb.com\/?p=48209","og_site_name":"O Democrata GB","article_publisher":"https:\/\/www.facebook.com\/jornaldaguinebissau","article_published_time":"2024-04-01T18:10:49+00:00","article_modified_time":"2024-04-01T18:10:50+00:00","og_image":[{"width":1080,"height":474,"url":"https:\/\/www.odemocratagb.com\/wp-content\/uploads\/2024\/04\/7b0c3d8b-df0e-4d40-bc2f-be416c4c392c.jpeg","type":"image\/jpeg"}],"author":"O DEMOCRATA","twitter_card":"summary_large_image","twitter_misc":{"Escrito por":"O DEMOCRATA","Est. tempo de leitura":"4 minutos"},"schema":{"@context":"https:\/\/schema.org","@graph":[{"@type":"Article","@id":"https:\/\/www.odemocratagb.com\/?p=48209#article","isPartOf":{"@id":"https:\/\/www.odemocratagb.com\/?p=48209"},"author":{"name":"O DEMOCRATA","@id":"https:\/\/www.odemocratagb.com\/#\/schema\/person\/3cfe1f3b5398955456dbd63ea1dca05c"},"headline":"ESTADO-MAIOR PEDE JULGAMENTO DE SUSPEITOS DE TENTATIVA DE GOLPE DE ESTADO","datePublished":"2024-04-01T18:10:49+00:00","dateModified":"2024-04-01T18:10:50+00:00","mainEntityOfPage":{"@id":"https:\/\/www.odemocratagb.com\/?p=48209"},"wordCount":833,"commentCount":0,"publisher":{"@id":"https:\/\/www.odemocratagb.com\/#organization"},"image":{"@id":"https:\/\/www.odemocratagb.com\/?p=48209#primaryimage"},"thumbnailUrl":"https:\/\/www.odemocratagb.com\/wp-content\/uploads\/2024\/04\/7b0c3d8b-df0e-4d40-bc2f-be416c4c392c.jpeg","articleSection":["Atualidade"],"inLanguage":"pt-BR","potentialAction":[{"@type":"CommentAction","name":"Comment","target":["https:\/\/www.odemocratagb.com\/?p=48209#respond"]}]},{"@type":"WebPage","@id":"https:\/\/www.odemocratagb.com\/?p=48209","url":"https:\/\/www.odemocratagb.com\/?p=48209","name":"ESTADO-MAIOR PEDE JULGAMENTO DE SUSPEITOS DE TENTATIVA DE GOLPE DE ESTADO - O Democrata GB","isPartOf":{"@id":"https:\/\/www.odemocratagb.com\/#website"},"primaryImageOfPage":{"@id":"https:\/\/www.odemocratagb.com\/?p=48209#primaryimage"},"image":{"@id":"https:\/\/www.odemocratagb.com\/?p=48209#primaryimage"},"thumbnailUrl":"https:\/\/www.odemocratagb.com\/wp-content\/uploads\/2024\/04\/7b0c3d8b-df0e-4d40-bc2f-be416c4c392c.jpeg","datePublished":"2024-04-01T18:10:49+00:00","dateModified":"2024-04-01T18:10:50+00:00","breadcrumb":{"@id":"https:\/\/www.odemocratagb.com\/?p=48209#breadcrumb"},"inLanguage":"pt-BR","potentialAction":[{"@type":"ReadAction","target":["https:\/\/www.odemocratagb.com\/?p=48209"]}]},{"@type":"ImageObject","inLanguage":"pt-BR","@id":"https:\/\/www.odemocratagb.com\/?p=48209#primaryimage","url":"https:\/\/www.odemocratagb.com\/wp-content\/uploads\/2024\/04\/7b0c3d8b-df0e-4d40-bc2f-be416c4c392c.jpeg","contentUrl":"https:\/\/www.odemocratagb.com\/wp-content\/uploads\/2024\/04\/7b0c3d8b-df0e-4d40-bc2f-be416c4c392c.jpeg","width":1080,"height":474},{"@type":"BreadcrumbList","@id":"https:\/\/www.odemocratagb.com\/?p=48209#breadcrumb","itemListElement":[{"@type":"ListItem","position":1,"name":"In\u00edcio","item":"https:\/\/www.odemocratagb.com\/"},{"@type":"ListItem","position":2,"name":"ESTADO-MAIOR PEDE JULGAMENTO DE SUSPEITOS DE TENTATIVA DE GOLPE DE ESTADO"}]},{"@type":"WebSite","@id":"https:\/\/www.odemocratagb.com\/#website","url":"https:\/\/www.odemocratagb.com\/","name":"O Democrata GB","description":"Jornal O Democrata GB","publisher":{"@id":"https:\/\/www.odemocratagb.com\/#organization"},"potentialAction":[{"@type":"SearchAction","target":{"@type":"EntryPoint","urlTemplate":"https:\/\/www.odemocratagb.com\/?s={search_term_string}"},"query-input":{"@type":"PropertyValueSpecification","valueRequired":true,"valueName":"search_term_string"}}],"inLanguage":"pt-BR"},{"@type":"Organization","@id":"https:\/\/www.odemocratagb.com\/#organization","name":"O Democrata GB","url":"https:\/\/www.odemocratagb.com\/","logo":{"@type":"ImageObject","inLanguage":"pt-BR","@id":"https:\/\/www.odemocratagb.com\/#\/schema\/logo\/image\/","url":"https:\/\/www.odemocratagb.com\/wp-content\/uploads\/2026\/04\/logo-odemocratagb.png","contentUrl":"https:\/\/www.odemocratagb.com\/wp-content\/uploads\/2026\/04\/logo-odemocratagb.png","width":1250,"height":327,"caption":"O Democrata GB"},"image":{"@id":"https:\/\/www.odemocratagb.com\/#\/schema\/logo\/image\/"},"sameAs":["https:\/\/www.facebook.com\/jornaldaguinebissau","https:\/\/www.instagram.com\/odemocratagb"]},{"@type":"Person","@id":"https:\/\/www.odemocratagb.com\/#\/schema\/person\/3cfe1f3b5398955456dbd63ea1dca05c","name":"O DEMOCRATA","image":{"@type":"ImageObject","inLanguage":"pt-BR","@id":"https:\/\/secure.gravatar.com\/avatar\/77e41e441bd90c527d61f578cf248d6044ee65cdd92e10a7b5405c9a7fa3faa7?s=96&d=mm&r=g","url":"https:\/\/secure.gravatar.com\/avatar\/77e41e441bd90c527d61f578cf248d6044ee65cdd92e10a7b5405c9a7fa3faa7?s=96&d=mm&r=g","contentUrl":"https:\/\/secure.gravatar.com\/avatar\/77e41e441bd90c527d61f578cf248d6044ee65cdd92e10a7b5405c9a7fa3faa7?s=96&d=mm&r=g","caption":"O DEMOCRATA"},"sameAs":["http:\/\/odemocratagb.com"],"url":"https:\/\/www.odemocratagb.com\/?author=5"}]}},"_links":{"self":[{"href":"https:\/\/www.odemocratagb.com\/index.php?rest_route=\/wp\/v2\/posts\/48209","targetHints":{"allow":["GET"]}}],"collection":[{"href":"https:\/\/www.odemocratagb.com\/index.php?rest_route=\/wp\/v2\/posts"}],"about":[{"href":"https:\/\/www.odemocratagb.com\/index.php?rest_route=\/wp\/v2\/types\/post"}],"author":[{"embeddable":true,"href":"https:\/\/www.odemocratagb.com\/index.php?rest_route=\/wp\/v2\/users\/5"}],"replies":[{"embeddable":true,"href":"https:\/\/www.odemocratagb.com\/index.php?rest_route=%2Fwp%2Fv2%2Fcomments&post=48209"}],"version-history":[{"count":1,"href":"https:\/\/www.odemocratagb.com\/index.php?rest_route=\/wp\/v2\/posts\/48209\/revisions"}],"predecessor-version":[{"id":48210,"href":"https:\/\/www.odemocratagb.com\/index.php?rest_route=\/wp\/v2\/posts\/48209\/revisions\/48210"}],"wp:featuredmedia":[{"embeddable":true,"href":"https:\/\/www.odemocratagb.com\/index.php?rest_route=\/wp\/v2\/media\/48208"}],"wp:attachment":[{"href":"https:\/\/www.odemocratagb.com\/index.php?rest_route=%2Fwp%2Fv2%2Fmedia&parent=48209"}],"wp:term":[{"taxonomy":"category","embeddable":true,"href":"https:\/\/www.odemocratagb.com\/index.php?rest_route=%2Fwp%2Fv2%2Fcategories&post=48209"},{"taxonomy":"post_tag","embeddable":true,"href":"https:\/\/www.odemocratagb.com\/index.php?rest_route=%2Fwp%2Fv2%2Ftags&post=48209"}],"curies":[{"name":"wp","href":"https:\/\/api.w.org\/{rel}","templated":true}]}}