{"id":52202,"date":"2025-05-13T12:39:33","date_gmt":"2025-05-13T12:39:33","guid":{"rendered":"https:\/\/www.odemocratagb.com\/?p=52202"},"modified":"2025-05-13T12:39:35","modified_gmt":"2025-05-13T12:39:35","slug":"banco-mundial-aprova-subvencao-de-dez-milhoes-de-dolares-para-reforcar-a-governacao-fiscal-na-guine-bissau","status":"publish","type":"post","link":"https:\/\/www.odemocratagb.com\/?p=52202","title":{"rendered":"BANCO MUNDIAL APROVA SUBVEN\u00c7\u00c3O DE DEZ MILH\u00d5ES DE D\u00d3LARES PARA REFOR\u00c7AR\u00a0A\u00a0GOVERNA\u00c7\u00c3O FISCAL NA GUIN\u00c9-BISSAU\u00a0"},"content":{"rendered":"\n<p class=\"wp-block-paragraph\">O Conselho de Administra\u00e7\u00e3o do Banco Mundial aprovou uma subven\u00e7\u00e3o de 10 milh\u00f5es de d\u00f3lares, no Financiamento da Pol\u00edtica de Desenvolvimento (DPF), para refor\u00e7ar a governa\u00e7\u00e3o fiscal e&nbsp;melhorar a presta\u00e7\u00e3o de servi\u00e7os p\u00fablicos na Guin\u00e9-Bissau.<\/p>\n\n\n\n<p class=\"wp-block-paragraph\">De acordo com um comunicado do Banco Mundial consultado pelo O Democr\u00e1tica, o Financiamento da Pol\u00edtica de Desenvolvimento apoia o Governo da Guin\u00e9-Bissau no refor\u00e7o da gest\u00e3o das finan\u00e7as p\u00fablicas, no incentivo \u00e0 mobiliza\u00e7\u00e3o de receitas internas, no aumento da viabilidade dos servi\u00e7os de energia e \u00e1gua e na promo\u00e7\u00e3o do crescimento digital.&nbsp;<\/p>\n\n\n\n<p class=\"wp-block-paragraph\">\u201cO DPF facilita reformas destinadas a refor\u00e7ar a transpar\u00eancia e a presta\u00e7\u00e3o de contas, a implementar a lei do Imposto sobre o Valor Acrescentado (IVA) e a estabelecer uma Conta \u00danica do Tesouro. Tamb\u00e9m possibilita reformas para melhorar a infraestrutura digital, melhorar o desempenho dos servi\u00e7os p\u00fablicos de eletricidade e \u00e1gua e priorizar a ado\u00e7\u00e3o de fontes de energia ambientalmente sustent\u00e1veis\u201d l\u00ea-se no comunicado.<\/p>\n\n\n\n<p class=\"wp-block-paragraph\">Citando Rosa Brito, Representante Residente do Grupo Banco Mundial na Guin\u00e9-Bissau, o comunicado refere que a aprova\u00e7\u00e3o marca o regresso do instrumento de Financiamento da Pol\u00edtica de Desenvolvimento \u00e0 Guin\u00e9-Bissau ap\u00f3s um intervalo de 15 anos, e representa um marco significativo para o pa\u00eds.<\/p>\n\n\n\n<p class=\"wp-block-paragraph\">\u201cO DPF foi cuidadosamente preparado e alinhado com os compromissos atuais do Banco Mundial na Guin\u00e9-Bissau, e baseia-se em projetos existentes nas \u00e1reas de fortalecimento do setor p\u00fablico, desenvolvimento digital e energia, demonstrando o compromisso cont\u00ednuo do Banco Mundial em apoiar os objetivos de desenvolvimento do pa\u00eds\u201d insistiu, esperando que o DPF produza os resultados transformadores na conetividade digital, nas finan\u00e7as p\u00fablicas e na presta\u00e7\u00e3o de servi\u00e7os essenciais, assim como apoia o governo na gest\u00e3o e implementa\u00e7\u00e3o eficaz da infraestrutura nacional de fibra \u00f3tica, expandindo assim a cobertura da rede e reduzindo os custos da internet.&nbsp;<\/p>\n\n\n\n<p class=\"wp-block-paragraph\">\u201cEspera-se tamb\u00e9m que a aplica\u00e7\u00e3o da lei do IVA aumente significativamente as receitas internas, criando assim espa\u00e7o or\u00e7amental para um maior investimento em setores priorit\u00e1rios como a educa\u00e7\u00e3o, a sa\u00fade e a prote\u00e7\u00e3o social\u201d referiu, sublinhando que, paralelamente, as reformas no setor da energia visam reduzir os custos da eletricidade e aumentar a utiliza\u00e7\u00e3o de energias renov\u00e1veis.&nbsp;<\/p>\n\n\n\n<p class=\"wp-block-paragraph\">\u201cA melhoria do acesso a uma energia fi\u00e1vel e a servi\u00e7os digitais dever\u00e1 apoiar o desenvolvimento do setor privado, estimular o crescimento econ\u00f3mico e contribuir para o desenvolvimento sustent\u00e1vel a longo prazo\u201d concluiu.&nbsp;<\/p>\n\n\n\n<p class=\"wp-block-paragraph\"><\/p>\n\n\n\n<p class=\"wp-block-paragraph\"><\/p>\n\n\n\n<p class=\"wp-block-paragraph\">Por: Tiago Seide<\/p>\n","protected":false},"excerpt":{"rendered":"<p>O Conselho de Administra\u00e7\u00e3o do Banco Mundial aprovou uma subven\u00e7\u00e3o de 10 milh\u00f5es de d\u00f3lares, no Financiamento da Pol\u00edtica de&#8230;<\/p>\n","protected":false},"author":5,"featured_media":51042,"comment_status":"open","ping_status":"open","sticky":false,"template":"","format":"standard","meta":{"footnotes":""},"categories":[23],"tags":[],"class_list":["post-52202","post","type-post","status-publish","format-standard","has-post-thumbnail","hentry","category-economia","wpcat-23-id"],"yoast_head":"<!-- This site is optimized with the Yoast SEO plugin v27.5 - https:\/\/yoast.com\/product\/yoast-seo-wordpress\/ -->\n<title>BANCO MUNDIAL APROVA SUBVEN\u00c7\u00c3O DE DEZ MILH\u00d5ES DE D\u00d3LARES PARA REFOR\u00c7AR\u00a0A\u00a0GOVERNA\u00c7\u00c3O FISCAL NA GUIN\u00c9-BISSAU\u00a0 - O Democrata GB<\/title>\n<meta name=\"robots\" content=\"index, follow, max-snippet:-1, max-image-preview:large, max-video-preview:-1\" \/>\n<link rel=\"canonical\" href=\"https:\/\/www.odemocratagb.com\/?p=52202\" \/>\n<meta property=\"og:locale\" content=\"pt_BR\" \/>\n<meta property=\"og:type\" content=\"article\" \/>\n<meta property=\"og:title\" content=\"BANCO MUNDIAL APROVA SUBVEN\u00c7\u00c3O DE DEZ MILH\u00d5ES DE D\u00d3LARES PARA REFOR\u00c7AR\u00a0A\u00a0GOVERNA\u00c7\u00c3O FISCAL NA GUIN\u00c9-BISSAU\u00a0 - O Democrata GB\" \/>\n<meta property=\"og:description\" content=\"O Conselho de Administra\u00e7\u00e3o do Banco Mundial aprovou uma subven\u00e7\u00e3o de 10 milh\u00f5es de d\u00f3lares, no Financiamento da Pol\u00edtica de...\" \/>\n<meta property=\"og:url\" content=\"https:\/\/www.odemocratagb.com\/?p=52202\" \/>\n<meta property=\"og:site_name\" content=\"O Democrata GB\" \/>\n<meta property=\"article:publisher\" content=\"https:\/\/www.facebook.com\/jornaldaguinebissau\" \/>\n<meta property=\"article:published_time\" content=\"2025-05-13T12:39:33+00:00\" \/>\n<meta property=\"article:modified_time\" content=\"2025-05-13T12:39:35+00:00\" \/>\n<meta property=\"og:image\" content=\"https:\/\/www.odemocratagb.com\/wp-content\/uploads\/2024\/12\/IMG_2661.jpeg\" \/>\n\t<meta property=\"og:image:width\" content=\"480\" \/>\n\t<meta property=\"og:image:height\" content=\"360\" \/>\n\t<meta property=\"og:image:type\" content=\"image\/jpeg\" \/>\n<meta name=\"author\" content=\"O DEMOCRATA\" \/>\n<meta name=\"twitter:card\" content=\"summary_large_image\" \/>\n<meta name=\"twitter:label1\" content=\"Escrito por\" \/>\n\t<meta name=\"twitter:data1\" content=\"O DEMOCRATA\" \/>\n\t<meta name=\"twitter:label2\" content=\"Est. tempo de leitura\" \/>\n\t<meta name=\"twitter:data2\" content=\"2 minutos\" \/>\n<script type=\"application\/ld+json\" class=\"yoast-schema-graph\">{\"@context\":\"https:\\\/\\\/schema.org\",\"@graph\":[{\"@type\":\"Article\",\"@id\":\"https:\\\/\\\/www.odemocratagb.com\\\/?p=52202#article\",\"isPartOf\":{\"@id\":\"https:\\\/\\\/www.odemocratagb.com\\\/?p=52202\"},\"author\":{\"name\":\"O DEMOCRATA\",\"@id\":\"https:\\\/\\\/www.odemocratagb.com\\\/#\\\/schema\\\/person\\\/3cfe1f3b5398955456dbd63ea1dca05c\"},\"headline\":\"BANCO MUNDIAL APROVA SUBVEN\u00c7\u00c3O DE DEZ MILH\u00d5ES DE D\u00d3LARES PARA REFOR\u00c7AR\u00a0A\u00a0GOVERNA\u00c7\u00c3O FISCAL NA GUIN\u00c9-BISSAU\u00a0\",\"datePublished\":\"2025-05-13T12:39:33+00:00\",\"dateModified\":\"2025-05-13T12:39:35+00:00\",\"mainEntityOfPage\":{\"@id\":\"https:\\\/\\\/www.odemocratagb.com\\\/?p=52202\"},\"wordCount\":469,\"commentCount\":0,\"publisher\":{\"@id\":\"https:\\\/\\\/www.odemocratagb.com\\\/#organization\"},\"image\":{\"@id\":\"https:\\\/\\\/www.odemocratagb.com\\\/?p=52202#primaryimage\"},\"thumbnailUrl\":\"https:\\\/\\\/www.odemocratagb.com\\\/wp-content\\\/uploads\\\/2024\\\/12\\\/IMG_2661.jpeg\",\"articleSection\":[\"Economia\"],\"inLanguage\":\"pt-BR\",\"potentialAction\":[{\"@type\":\"CommentAction\",\"name\":\"Comment\",\"target\":[\"https:\\\/\\\/www.odemocratagb.com\\\/?p=52202#respond\"]}]},{\"@type\":\"WebPage\",\"@id\":\"https:\\\/\\\/www.odemocratagb.com\\\/?p=52202\",\"url\":\"https:\\\/\\\/www.odemocratagb.com\\\/?p=52202\",\"name\":\"BANCO MUNDIAL APROVA SUBVEN\u00c7\u00c3O DE DEZ MILH\u00d5ES DE D\u00d3LARES PARA REFOR\u00c7AR\u00a0A\u00a0GOVERNA\u00c7\u00c3O FISCAL NA GUIN\u00c9-BISSAU\u00a0 - O Democrata GB\",\"isPartOf\":{\"@id\":\"https:\\\/\\\/www.odemocratagb.com\\\/#website\"},\"primaryImageOfPage\":{\"@id\":\"https:\\\/\\\/www.odemocratagb.com\\\/?p=52202#primaryimage\"},\"image\":{\"@id\":\"https:\\\/\\\/www.odemocratagb.com\\\/?p=52202#primaryimage\"},\"thumbnailUrl\":\"https:\\\/\\\/www.odemocratagb.com\\\/wp-content\\\/uploads\\\/2024\\\/12\\\/IMG_2661.jpeg\",\"datePublished\":\"2025-05-13T12:39:33+00:00\",\"dateModified\":\"2025-05-13T12:39:35+00:00\",\"breadcrumb\":{\"@id\":\"https:\\\/\\\/www.odemocratagb.com\\\/?p=52202#breadcrumb\"},\"inLanguage\":\"pt-BR\",\"potentialAction\":[{\"@type\":\"ReadAction\",\"target\":[\"https:\\\/\\\/www.odemocratagb.com\\\/?p=52202\"]}]},{\"@type\":\"ImageObject\",\"inLanguage\":\"pt-BR\",\"@id\":\"https:\\\/\\\/www.odemocratagb.com\\\/?p=52202#primaryimage\",\"url\":\"https:\\\/\\\/www.odemocratagb.com\\\/wp-content\\\/uploads\\\/2024\\\/12\\\/IMG_2661.jpeg\",\"contentUrl\":\"https:\\\/\\\/www.odemocratagb.com\\\/wp-content\\\/uploads\\\/2024\\\/12\\\/IMG_2661.jpeg\",\"width\":480,\"height\":360},{\"@type\":\"BreadcrumbList\",\"@id\":\"https:\\\/\\\/www.odemocratagb.com\\\/?p=52202#breadcrumb\",\"itemListElement\":[{\"@type\":\"ListItem\",\"position\":1,\"name\":\"In\u00edcio\",\"item\":\"https:\\\/\\\/www.odemocratagb.com\\\/\"},{\"@type\":\"ListItem\",\"position\":2,\"name\":\"BANCO MUNDIAL APROVA SUBVEN\u00c7\u00c3O DE DEZ MILH\u00d5ES DE D\u00d3LARES PARA REFOR\u00c7AR\u00a0A\u00a0GOVERNA\u00c7\u00c3O FISCAL NA GUIN\u00c9-BISSAU\u00a0\"}]},{\"@type\":\"WebSite\",\"@id\":\"https:\\\/\\\/www.odemocratagb.com\\\/#website\",\"url\":\"https:\\\/\\\/www.odemocratagb.com\\\/\",\"name\":\"O Democrata GB\",\"description\":\"Jornal O Democrata GB\",\"publisher\":{\"@id\":\"https:\\\/\\\/www.odemocratagb.com\\\/#organization\"},\"potentialAction\":[{\"@type\":\"SearchAction\",\"target\":{\"@type\":\"EntryPoint\",\"urlTemplate\":\"https:\\\/\\\/www.odemocratagb.com\\\/?s={search_term_string}\"},\"query-input\":{\"@type\":\"PropertyValueSpecification\",\"valueRequired\":true,\"valueName\":\"search_term_string\"}}],\"inLanguage\":\"pt-BR\"},{\"@type\":\"Organization\",\"@id\":\"https:\\\/\\\/www.odemocratagb.com\\\/#organization\",\"name\":\"O Democrata GB\",\"url\":\"https:\\\/\\\/www.odemocratagb.com\\\/\",\"logo\":{\"@type\":\"ImageObject\",\"inLanguage\":\"pt-BR\",\"@id\":\"https:\\\/\\\/www.odemocratagb.com\\\/#\\\/schema\\\/logo\\\/image\\\/\",\"url\":\"https:\\\/\\\/www.odemocratagb.com\\\/wp-content\\\/uploads\\\/2026\\\/04\\\/logo-odemocratagb.png\",\"contentUrl\":\"https:\\\/\\\/www.odemocratagb.com\\\/wp-content\\\/uploads\\\/2026\\\/04\\\/logo-odemocratagb.png\",\"width\":1250,\"height\":327,\"caption\":\"O Democrata GB\"},\"image\":{\"@id\":\"https:\\\/\\\/www.odemocratagb.com\\\/#\\\/schema\\\/logo\\\/image\\\/\"},\"sameAs\":[\"https:\\\/\\\/www.facebook.com\\\/jornaldaguinebissau\",\"https:\\\/\\\/www.instagram.com\\\/odemocratagb\"]},{\"@type\":\"Person\",\"@id\":\"https:\\\/\\\/www.odemocratagb.com\\\/#\\\/schema\\\/person\\\/3cfe1f3b5398955456dbd63ea1dca05c\",\"name\":\"O DEMOCRATA\",\"image\":{\"@type\":\"ImageObject\",\"inLanguage\":\"pt-BR\",\"@id\":\"https:\\\/\\\/secure.gravatar.com\\\/avatar\\\/77e41e441bd90c527d61f578cf248d6044ee65cdd92e10a7b5405c9a7fa3faa7?s=96&d=mm&r=g\",\"url\":\"https:\\\/\\\/secure.gravatar.com\\\/avatar\\\/77e41e441bd90c527d61f578cf248d6044ee65cdd92e10a7b5405c9a7fa3faa7?s=96&d=mm&r=g\",\"contentUrl\":\"https:\\\/\\\/secure.gravatar.com\\\/avatar\\\/77e41e441bd90c527d61f578cf248d6044ee65cdd92e10a7b5405c9a7fa3faa7?s=96&d=mm&r=g\",\"caption\":\"O DEMOCRATA\"},\"sameAs\":[\"http:\\\/\\\/odemocratagb.com\"],\"url\":\"https:\\\/\\\/www.odemocratagb.com\\\/?author=5\"}]}<\/script>\n<!-- \/ Yoast SEO plugin. -->","yoast_head_json":{"title":"BANCO MUNDIAL APROVA SUBVEN\u00c7\u00c3O DE DEZ MILH\u00d5ES DE D\u00d3LARES PARA REFOR\u00c7AR\u00a0A\u00a0GOVERNA\u00c7\u00c3O FISCAL NA GUIN\u00c9-BISSAU\u00a0 - O Democrata GB","robots":{"index":"index","follow":"follow","max-snippet":"max-snippet:-1","max-image-preview":"max-image-preview:large","max-video-preview":"max-video-preview:-1"},"canonical":"https:\/\/www.odemocratagb.com\/?p=52202","og_locale":"pt_BR","og_type":"article","og_title":"BANCO MUNDIAL APROVA SUBVEN\u00c7\u00c3O DE DEZ MILH\u00d5ES DE D\u00d3LARES PARA REFOR\u00c7AR\u00a0A\u00a0GOVERNA\u00c7\u00c3O FISCAL NA GUIN\u00c9-BISSAU\u00a0 - O Democrata GB","og_description":"O Conselho de Administra\u00e7\u00e3o do Banco Mundial aprovou uma subven\u00e7\u00e3o de 10 milh\u00f5es de d\u00f3lares, no Financiamento da Pol\u00edtica de...","og_url":"https:\/\/www.odemocratagb.com\/?p=52202","og_site_name":"O Democrata GB","article_publisher":"https:\/\/www.facebook.com\/jornaldaguinebissau","article_published_time":"2025-05-13T12:39:33+00:00","article_modified_time":"2025-05-13T12:39:35+00:00","og_image":[{"width":480,"height":360,"url":"https:\/\/www.odemocratagb.com\/wp-content\/uploads\/2024\/12\/IMG_2661.jpeg","type":"image\/jpeg"}],"author":"O DEMOCRATA","twitter_card":"summary_large_image","twitter_misc":{"Escrito por":"O DEMOCRATA","Est. tempo de leitura":"2 minutos"},"schema":{"@context":"https:\/\/schema.org","@graph":[{"@type":"Article","@id":"https:\/\/www.odemocratagb.com\/?p=52202#article","isPartOf":{"@id":"https:\/\/www.odemocratagb.com\/?p=52202"},"author":{"name":"O DEMOCRATA","@id":"https:\/\/www.odemocratagb.com\/#\/schema\/person\/3cfe1f3b5398955456dbd63ea1dca05c"},"headline":"BANCO MUNDIAL APROVA SUBVEN\u00c7\u00c3O DE DEZ MILH\u00d5ES DE D\u00d3LARES PARA REFOR\u00c7AR\u00a0A\u00a0GOVERNA\u00c7\u00c3O FISCAL NA GUIN\u00c9-BISSAU\u00a0","datePublished":"2025-05-13T12:39:33+00:00","dateModified":"2025-05-13T12:39:35+00:00","mainEntityOfPage":{"@id":"https:\/\/www.odemocratagb.com\/?p=52202"},"wordCount":469,"commentCount":0,"publisher":{"@id":"https:\/\/www.odemocratagb.com\/#organization"},"image":{"@id":"https:\/\/www.odemocratagb.com\/?p=52202#primaryimage"},"thumbnailUrl":"https:\/\/www.odemocratagb.com\/wp-content\/uploads\/2024\/12\/IMG_2661.jpeg","articleSection":["Economia"],"inLanguage":"pt-BR","potentialAction":[{"@type":"CommentAction","name":"Comment","target":["https:\/\/www.odemocratagb.com\/?p=52202#respond"]}]},{"@type":"WebPage","@id":"https:\/\/www.odemocratagb.com\/?p=52202","url":"https:\/\/www.odemocratagb.com\/?p=52202","name":"BANCO MUNDIAL APROVA SUBVEN\u00c7\u00c3O DE DEZ MILH\u00d5ES DE D\u00d3LARES PARA REFOR\u00c7AR\u00a0A\u00a0GOVERNA\u00c7\u00c3O FISCAL NA GUIN\u00c9-BISSAU\u00a0 - O Democrata GB","isPartOf":{"@id":"https:\/\/www.odemocratagb.com\/#website"},"primaryImageOfPage":{"@id":"https:\/\/www.odemocratagb.com\/?p=52202#primaryimage"},"image":{"@id":"https:\/\/www.odemocratagb.com\/?p=52202#primaryimage"},"thumbnailUrl":"https:\/\/www.odemocratagb.com\/wp-content\/uploads\/2024\/12\/IMG_2661.jpeg","datePublished":"2025-05-13T12:39:33+00:00","dateModified":"2025-05-13T12:39:35+00:00","breadcrumb":{"@id":"https:\/\/www.odemocratagb.com\/?p=52202#breadcrumb"},"inLanguage":"pt-BR","potentialAction":[{"@type":"ReadAction","target":["https:\/\/www.odemocratagb.com\/?p=52202"]}]},{"@type":"ImageObject","inLanguage":"pt-BR","@id":"https:\/\/www.odemocratagb.com\/?p=52202#primaryimage","url":"https:\/\/www.odemocratagb.com\/wp-content\/uploads\/2024\/12\/IMG_2661.jpeg","contentUrl":"https:\/\/www.odemocratagb.com\/wp-content\/uploads\/2024\/12\/IMG_2661.jpeg","width":480,"height":360},{"@type":"BreadcrumbList","@id":"https:\/\/www.odemocratagb.com\/?p=52202#breadcrumb","itemListElement":[{"@type":"ListItem","position":1,"name":"In\u00edcio","item":"https:\/\/www.odemocratagb.com\/"},{"@type":"ListItem","position":2,"name":"BANCO MUNDIAL APROVA SUBVEN\u00c7\u00c3O DE DEZ MILH\u00d5ES DE D\u00d3LARES PARA REFOR\u00c7AR\u00a0A\u00a0GOVERNA\u00c7\u00c3O FISCAL NA GUIN\u00c9-BISSAU\u00a0"}]},{"@type":"WebSite","@id":"https:\/\/www.odemocratagb.com\/#website","url":"https:\/\/www.odemocratagb.com\/","name":"O Democrata GB","description":"Jornal O Democrata GB","publisher":{"@id":"https:\/\/www.odemocratagb.com\/#organization"},"potentialAction":[{"@type":"SearchAction","target":{"@type":"EntryPoint","urlTemplate":"https:\/\/www.odemocratagb.com\/?s={search_term_string}"},"query-input":{"@type":"PropertyValueSpecification","valueRequired":true,"valueName":"search_term_string"}}],"inLanguage":"pt-BR"},{"@type":"Organization","@id":"https:\/\/www.odemocratagb.com\/#organization","name":"O Democrata GB","url":"https:\/\/www.odemocratagb.com\/","logo":{"@type":"ImageObject","inLanguage":"pt-BR","@id":"https:\/\/www.odemocratagb.com\/#\/schema\/logo\/image\/","url":"https:\/\/www.odemocratagb.com\/wp-content\/uploads\/2026\/04\/logo-odemocratagb.png","contentUrl":"https:\/\/www.odemocratagb.com\/wp-content\/uploads\/2026\/04\/logo-odemocratagb.png","width":1250,"height":327,"caption":"O Democrata GB"},"image":{"@id":"https:\/\/www.odemocratagb.com\/#\/schema\/logo\/image\/"},"sameAs":["https:\/\/www.facebook.com\/jornaldaguinebissau","https:\/\/www.instagram.com\/odemocratagb"]},{"@type":"Person","@id":"https:\/\/www.odemocratagb.com\/#\/schema\/person\/3cfe1f3b5398955456dbd63ea1dca05c","name":"O DEMOCRATA","image":{"@type":"ImageObject","inLanguage":"pt-BR","@id":"https:\/\/secure.gravatar.com\/avatar\/77e41e441bd90c527d61f578cf248d6044ee65cdd92e10a7b5405c9a7fa3faa7?s=96&d=mm&r=g","url":"https:\/\/secure.gravatar.com\/avatar\/77e41e441bd90c527d61f578cf248d6044ee65cdd92e10a7b5405c9a7fa3faa7?s=96&d=mm&r=g","contentUrl":"https:\/\/secure.gravatar.com\/avatar\/77e41e441bd90c527d61f578cf248d6044ee65cdd92e10a7b5405c9a7fa3faa7?s=96&d=mm&r=g","caption":"O DEMOCRATA"},"sameAs":["http:\/\/odemocratagb.com"],"url":"https:\/\/www.odemocratagb.com\/?author=5"}]}},"_links":{"self":[{"href":"https:\/\/www.odemocratagb.com\/index.php?rest_route=\/wp\/v2\/posts\/52202","targetHints":{"allow":["GET"]}}],"collection":[{"href":"https:\/\/www.odemocratagb.com\/index.php?rest_route=\/wp\/v2\/posts"}],"about":[{"href":"https:\/\/www.odemocratagb.com\/index.php?rest_route=\/wp\/v2\/types\/post"}],"author":[{"embeddable":true,"href":"https:\/\/www.odemocratagb.com\/index.php?rest_route=\/wp\/v2\/users\/5"}],"replies":[{"embeddable":true,"href":"https:\/\/www.odemocratagb.com\/index.php?rest_route=%2Fwp%2Fv2%2Fcomments&post=52202"}],"version-history":[{"count":1,"href":"https:\/\/www.odemocratagb.com\/index.php?rest_route=\/wp\/v2\/posts\/52202\/revisions"}],"predecessor-version":[{"id":52203,"href":"https:\/\/www.odemocratagb.com\/index.php?rest_route=\/wp\/v2\/posts\/52202\/revisions\/52203"}],"wp:featuredmedia":[{"embeddable":true,"href":"https:\/\/www.odemocratagb.com\/index.php?rest_route=\/wp\/v2\/media\/51042"}],"wp:attachment":[{"href":"https:\/\/www.odemocratagb.com\/index.php?rest_route=%2Fwp%2Fv2%2Fmedia&parent=52202"}],"wp:term":[{"taxonomy":"category","embeddable":true,"href":"https:\/\/www.odemocratagb.com\/index.php?rest_route=%2Fwp%2Fv2%2Fcategories&post=52202"},{"taxonomy":"post_tag","embeddable":true,"href":"https:\/\/www.odemocratagb.com\/index.php?rest_route=%2Fwp%2Fv2%2Ftags&post=52202"}],"curies":[{"name":"wp","href":"https:\/\/api.w.org\/{rel}","templated":true}]}}