{"id":54850,"date":"2025-11-27T17:24:14","date_gmt":"2025-11-27T17:24:14","guid":{"rendered":"https:\/\/www.odemocratagb.com\/?p=54850"},"modified":"2025-11-27T17:24:18","modified_gmt":"2025-11-27T17:24:18","slug":"fernando-dias-acusa-sissoco-embalo-de-encenar-o-golpe-de-estado","status":"publish","type":"post","link":"https:\/\/www.odemocratagb.com\/?p=54850","title":{"rendered":"FERNANDO DIAS ACUSA SISSOCO EMBAL\u00d3 DE ENCENAR O GOLPE DE ESTADO\u00a0"},"content":{"rendered":"\n<p class=\"wp-block-paragraph\">A Diretoria Nacional da Campanha do candidato independente Fernando Dias da Costa denuncia o que considera ser uma \u201cencena\u00e7\u00e3o de golpe de Estado\u201d,\u00a0atribu\u00edda ao Presidente cessante, Umaro Sissoco Embal\u00f3, ap\u00f3s os resultados da primeira volta das elei\u00e7\u00f5es presidenciais.<\/p>\n\n\n\n<p class=\"wp-block-paragraph\">Segundo o comunicado, o alegado movimento teria sido articulado por oficiais ligados \u00e0 Presid\u00eancia da Rep\u00fablica e ao Estado-Maior General das For\u00e7as Armadas, com o objetivo de anular o processo eleitoral que j\u00e1 se encontrava em fase final de apuramento.&nbsp;<\/p>\n\n\n\n<p class=\"wp-block-paragraph\">A Diretoria afirma que as atas publicadas nas mesas de voto e nas comiss\u00f5es regionais indicariam uma \u201cclara derrota\u201d de Embal\u00f3 perante Fernando Dias da Costa, tendo manifestado tamb\u00e9m estranheza sobre a situa\u00e7\u00e3o do Presidente cessante, que, apesar de alegar estar detido, \u201cconseguiu conceder entrevistas \u00e0 imprensa internacional\u201d, enquanto, no terreno, \u201cmil\u00edcias associadas ao regime\u201d realizariam deten\u00e7\u00f5es de figuras pol\u00edticas.<\/p>\n\n\n\n<p class=\"wp-block-paragraph\">Diante do que classifica como uma tentativa \u201cde perturbar o processo democr\u00e1tico\u201d, a Diretoria Nacional repudia \u00e0 alegada intromiss\u00e3o de oficiais ligados ao Presidente cessante no processo eleitoral e ao que descreve como uma tentativa de impedir o an\u00fancio dos resultados, assim como exigiu a liberta\u00e7\u00e3o imediata e incondicional de v\u00e1rias figuras pol\u00edticas, incluindo Domingos Sim\u00f5es Pereira, Oct\u00e1vio Lopes e Roberto Mbesba.<\/p>\n\n\n\n<p class=\"wp-block-paragraph\">A Diretoria exige ainda a conclus\u00e3o imediata do processo eleitoral, com a leitura dos resultados finais, tendo apelado \u00e0s For\u00e7as Armadas para que adotem uma postura republicana em defesa da Constitui\u00e7\u00e3o e da democracia.<\/p>\n\n\n\n<p class=\"wp-block-paragraph\">Exortou tamb\u00e9m \u00e0 CEDEAO, UA, CPLP e ONU para que intervenham \u201co quanto antes\u201d em prote\u00e7\u00e3o das institui\u00e7\u00f5es e conquistas democr\u00e1ticas do pa\u00eds.<\/p>\n\n\n\n<p class=\"wp-block-paragraph\">Por fim, a diretoria Nacional da Campanha de Fernando Dias da Costa apela \u00e0 mobiliza\u00e7\u00e3o popular em defesa da democracia e da escolha expressa nas urnas.<\/p>\n\n\n\n<p class=\"wp-block-paragraph\"><\/p>\n\n\n\n<p class=\"wp-block-paragraph\"><\/p>\n\n\n\n<p class=\"wp-block-paragraph\"><\/p>\n\n\n\n<p class=\"wp-block-paragraph\">Por: Tiago Seide<\/p>\n","protected":false},"excerpt":{"rendered":"<p>A Diretoria Nacional da Campanha do candidato independente Fernando Dias da Costa denuncia o que considera ser uma \u201cencena\u00e7\u00e3o de&#8230;<\/p>\n","protected":false},"author":4,"featured_media":54851,"comment_status":"open","ping_status":"open","sticky":false,"template":"","format":"standard","meta":{"footnotes":""},"categories":[6],"tags":[],"class_list":["post-54850","post","type-post","status-publish","format-standard","has-post-thumbnail","hentry","category-inicio","wpcat-6-id"],"yoast_head":"<!-- This site is optimized with the Yoast SEO plugin v27.5 - https:\/\/yoast.com\/product\/yoast-seo-wordpress\/ -->\n<title>FERNANDO DIAS ACUSA SISSOCO EMBAL\u00d3 DE ENCENAR O GOLPE DE ESTADO\u00a0 - O Democrata GB<\/title>\n<meta name=\"robots\" content=\"index, follow, max-snippet:-1, max-image-preview:large, max-video-preview:-1\" \/>\n<link rel=\"canonical\" href=\"https:\/\/www.odemocratagb.com\/?p=54850\" \/>\n<meta property=\"og:locale\" content=\"pt_BR\" \/>\n<meta property=\"og:type\" content=\"article\" \/>\n<meta property=\"og:title\" content=\"FERNANDO DIAS ACUSA SISSOCO EMBAL\u00d3 DE ENCENAR O GOLPE DE ESTADO\u00a0 - O Democrata GB\" \/>\n<meta property=\"og:description\" content=\"A Diretoria Nacional da Campanha do candidato independente Fernando Dias da Costa denuncia o que considera ser uma \u201cencena\u00e7\u00e3o de...\" \/>\n<meta property=\"og:url\" content=\"https:\/\/www.odemocratagb.com\/?p=54850\" \/>\n<meta property=\"og:site_name\" content=\"O Democrata GB\" \/>\n<meta property=\"article:publisher\" content=\"https:\/\/www.facebook.com\/jornaldaguinebissau\" \/>\n<meta property=\"article:published_time\" content=\"2025-11-27T17:24:14+00:00\" \/>\n<meta property=\"article:modified_time\" content=\"2025-11-27T17:24:18+00:00\" \/>\n<meta property=\"og:image\" content=\"https:\/\/www.odemocratagb.com\/wp-content\/uploads\/2025\/11\/IMG_7418-1.jpeg\" \/>\n\t<meta property=\"og:image:width\" content=\"845\" \/>\n\t<meta property=\"og:image:height\" content=\"641\" \/>\n\t<meta property=\"og:image:type\" content=\"image\/jpeg\" \/>\n<meta name=\"author\" content=\"Jornal Odemocrata\" \/>\n<meta name=\"twitter:card\" content=\"summary_large_image\" \/>\n<meta name=\"twitter:label1\" content=\"Escrito por\" \/>\n\t<meta name=\"twitter:data1\" content=\"Jornal Odemocrata\" \/>\n\t<meta name=\"twitter:label2\" content=\"Est. tempo de leitura\" \/>\n\t<meta name=\"twitter:data2\" content=\"2 minutos\" \/>\n<script type=\"application\/ld+json\" class=\"yoast-schema-graph\">{\"@context\":\"https:\\\/\\\/schema.org\",\"@graph\":[{\"@type\":\"Article\",\"@id\":\"https:\\\/\\\/www.odemocratagb.com\\\/?p=54850#article\",\"isPartOf\":{\"@id\":\"https:\\\/\\\/www.odemocratagb.com\\\/?p=54850\"},\"author\":{\"name\":\"Jornal Odemocrata\",\"@id\":\"https:\\\/\\\/www.odemocratagb.com\\\/#\\\/schema\\\/person\\\/c5e683adeaf9b557e57cf1a8a591b0c0\"},\"headline\":\"FERNANDO DIAS ACUSA SISSOCO EMBAL\u00d3 DE ENCENAR O GOLPE DE ESTADO\u00a0\",\"datePublished\":\"2025-11-27T17:24:14+00:00\",\"dateModified\":\"2025-11-27T17:24:18+00:00\",\"mainEntityOfPage\":{\"@id\":\"https:\\\/\\\/www.odemocratagb.com\\\/?p=54850\"},\"wordCount\":324,\"commentCount\":0,\"publisher\":{\"@id\":\"https:\\\/\\\/www.odemocratagb.com\\\/#organization\"},\"image\":{\"@id\":\"https:\\\/\\\/www.odemocratagb.com\\\/?p=54850#primaryimage\"},\"thumbnailUrl\":\"https:\\\/\\\/www.odemocratagb.com\\\/wp-content\\\/uploads\\\/2025\\\/11\\\/IMG_7418-1.jpeg\",\"articleSection\":[\"Atualidade\"],\"inLanguage\":\"pt-BR\",\"potentialAction\":[{\"@type\":\"CommentAction\",\"name\":\"Comment\",\"target\":[\"https:\\\/\\\/www.odemocratagb.com\\\/?p=54850#respond\"]}]},{\"@type\":\"WebPage\",\"@id\":\"https:\\\/\\\/www.odemocratagb.com\\\/?p=54850\",\"url\":\"https:\\\/\\\/www.odemocratagb.com\\\/?p=54850\",\"name\":\"FERNANDO DIAS ACUSA SISSOCO EMBAL\u00d3 DE ENCENAR O GOLPE DE ESTADO\u00a0 - O Democrata GB\",\"isPartOf\":{\"@id\":\"https:\\\/\\\/www.odemocratagb.com\\\/#website\"},\"primaryImageOfPage\":{\"@id\":\"https:\\\/\\\/www.odemocratagb.com\\\/?p=54850#primaryimage\"},\"image\":{\"@id\":\"https:\\\/\\\/www.odemocratagb.com\\\/?p=54850#primaryimage\"},\"thumbnailUrl\":\"https:\\\/\\\/www.odemocratagb.com\\\/wp-content\\\/uploads\\\/2025\\\/11\\\/IMG_7418-1.jpeg\",\"datePublished\":\"2025-11-27T17:24:14+00:00\",\"dateModified\":\"2025-11-27T17:24:18+00:00\",\"breadcrumb\":{\"@id\":\"https:\\\/\\\/www.odemocratagb.com\\\/?p=54850#breadcrumb\"},\"inLanguage\":\"pt-BR\",\"potentialAction\":[{\"@type\":\"ReadAction\",\"target\":[\"https:\\\/\\\/www.odemocratagb.com\\\/?p=54850\"]}]},{\"@type\":\"ImageObject\",\"inLanguage\":\"pt-BR\",\"@id\":\"https:\\\/\\\/www.odemocratagb.com\\\/?p=54850#primaryimage\",\"url\":\"https:\\\/\\\/www.odemocratagb.com\\\/wp-content\\\/uploads\\\/2025\\\/11\\\/IMG_7418-1.jpeg\",\"contentUrl\":\"https:\\\/\\\/www.odemocratagb.com\\\/wp-content\\\/uploads\\\/2025\\\/11\\\/IMG_7418-1.jpeg\",\"width\":845,\"height\":641},{\"@type\":\"BreadcrumbList\",\"@id\":\"https:\\\/\\\/www.odemocratagb.com\\\/?p=54850#breadcrumb\",\"itemListElement\":[{\"@type\":\"ListItem\",\"position\":1,\"name\":\"In\u00edcio\",\"item\":\"https:\\\/\\\/www.odemocratagb.com\\\/\"},{\"@type\":\"ListItem\",\"position\":2,\"name\":\"FERNANDO DIAS ACUSA SISSOCO EMBAL\u00d3 DE ENCENAR O GOLPE DE ESTADO\u00a0\"}]},{\"@type\":\"WebSite\",\"@id\":\"https:\\\/\\\/www.odemocratagb.com\\\/#website\",\"url\":\"https:\\\/\\\/www.odemocratagb.com\\\/\",\"name\":\"O Democrata GB\",\"description\":\"Jornal O Democrata GB\",\"publisher\":{\"@id\":\"https:\\\/\\\/www.odemocratagb.com\\\/#organization\"},\"potentialAction\":[{\"@type\":\"SearchAction\",\"target\":{\"@type\":\"EntryPoint\",\"urlTemplate\":\"https:\\\/\\\/www.odemocratagb.com\\\/?s={search_term_string}\"},\"query-input\":{\"@type\":\"PropertyValueSpecification\",\"valueRequired\":true,\"valueName\":\"search_term_string\"}}],\"inLanguage\":\"pt-BR\"},{\"@type\":\"Organization\",\"@id\":\"https:\\\/\\\/www.odemocratagb.com\\\/#organization\",\"name\":\"O Democrata GB\",\"url\":\"https:\\\/\\\/www.odemocratagb.com\\\/\",\"logo\":{\"@type\":\"ImageObject\",\"inLanguage\":\"pt-BR\",\"@id\":\"https:\\\/\\\/www.odemocratagb.com\\\/#\\\/schema\\\/logo\\\/image\\\/\",\"url\":\"https:\\\/\\\/www.odemocratagb.com\\\/wp-content\\\/uploads\\\/2026\\\/04\\\/logo-odemocratagb.png\",\"contentUrl\":\"https:\\\/\\\/www.odemocratagb.com\\\/wp-content\\\/uploads\\\/2026\\\/04\\\/logo-odemocratagb.png\",\"width\":1250,\"height\":327,\"caption\":\"O Democrata GB\"},\"image\":{\"@id\":\"https:\\\/\\\/www.odemocratagb.com\\\/#\\\/schema\\\/logo\\\/image\\\/\"},\"sameAs\":[\"https:\\\/\\\/www.facebook.com\\\/jornaldaguinebissau\",\"https:\\\/\\\/www.instagram.com\\\/odemocratagb\"]},{\"@type\":\"Person\",\"@id\":\"https:\\\/\\\/www.odemocratagb.com\\\/#\\\/schema\\\/person\\\/c5e683adeaf9b557e57cf1a8a591b0c0\",\"name\":\"Jornal Odemocrata\",\"image\":{\"@type\":\"ImageObject\",\"inLanguage\":\"pt-BR\",\"@id\":\"https:\\\/\\\/secure.gravatar.com\\\/avatar\\\/09cb6b76eee5612f7cfca9e0089e2f17141d417bd034905eee842945c87fd87f?s=96&d=mm&r=g\",\"url\":\"https:\\\/\\\/secure.gravatar.com\\\/avatar\\\/09cb6b76eee5612f7cfca9e0089e2f17141d417bd034905eee842945c87fd87f?s=96&d=mm&r=g\",\"contentUrl\":\"https:\\\/\\\/secure.gravatar.com\\\/avatar\\\/09cb6b76eee5612f7cfca9e0089e2f17141d417bd034905eee842945c87fd87f?s=96&d=mm&r=g\",\"caption\":\"Jornal Odemocrata\"},\"sameAs\":[\"http:\\\/\\\/odemocratagb.com\"],\"url\":\"https:\\\/\\\/www.odemocratagb.com\\\/?author=4\"}]}<\/script>\n<!-- \/ Yoast SEO plugin. -->","yoast_head_json":{"title":"FERNANDO DIAS ACUSA SISSOCO EMBAL\u00d3 DE ENCENAR O GOLPE DE ESTADO\u00a0 - O Democrata GB","robots":{"index":"index","follow":"follow","max-snippet":"max-snippet:-1","max-image-preview":"max-image-preview:large","max-video-preview":"max-video-preview:-1"},"canonical":"https:\/\/www.odemocratagb.com\/?p=54850","og_locale":"pt_BR","og_type":"article","og_title":"FERNANDO DIAS ACUSA SISSOCO EMBAL\u00d3 DE ENCENAR O GOLPE DE ESTADO\u00a0 - O Democrata GB","og_description":"A Diretoria Nacional da Campanha do candidato independente Fernando Dias da Costa denuncia o que considera ser uma \u201cencena\u00e7\u00e3o de...","og_url":"https:\/\/www.odemocratagb.com\/?p=54850","og_site_name":"O Democrata GB","article_publisher":"https:\/\/www.facebook.com\/jornaldaguinebissau","article_published_time":"2025-11-27T17:24:14+00:00","article_modified_time":"2025-11-27T17:24:18+00:00","og_image":[{"width":845,"height":641,"url":"https:\/\/www.odemocratagb.com\/wp-content\/uploads\/2025\/11\/IMG_7418-1.jpeg","type":"image\/jpeg"}],"author":"Jornal Odemocrata","twitter_card":"summary_large_image","twitter_misc":{"Escrito por":"Jornal Odemocrata","Est. tempo de leitura":"2 minutos"},"schema":{"@context":"https:\/\/schema.org","@graph":[{"@type":"Article","@id":"https:\/\/www.odemocratagb.com\/?p=54850#article","isPartOf":{"@id":"https:\/\/www.odemocratagb.com\/?p=54850"},"author":{"name":"Jornal Odemocrata","@id":"https:\/\/www.odemocratagb.com\/#\/schema\/person\/c5e683adeaf9b557e57cf1a8a591b0c0"},"headline":"FERNANDO DIAS ACUSA SISSOCO EMBAL\u00d3 DE ENCENAR O GOLPE DE ESTADO\u00a0","datePublished":"2025-11-27T17:24:14+00:00","dateModified":"2025-11-27T17:24:18+00:00","mainEntityOfPage":{"@id":"https:\/\/www.odemocratagb.com\/?p=54850"},"wordCount":324,"commentCount":0,"publisher":{"@id":"https:\/\/www.odemocratagb.com\/#organization"},"image":{"@id":"https:\/\/www.odemocratagb.com\/?p=54850#primaryimage"},"thumbnailUrl":"https:\/\/www.odemocratagb.com\/wp-content\/uploads\/2025\/11\/IMG_7418-1.jpeg","articleSection":["Atualidade"],"inLanguage":"pt-BR","potentialAction":[{"@type":"CommentAction","name":"Comment","target":["https:\/\/www.odemocratagb.com\/?p=54850#respond"]}]},{"@type":"WebPage","@id":"https:\/\/www.odemocratagb.com\/?p=54850","url":"https:\/\/www.odemocratagb.com\/?p=54850","name":"FERNANDO DIAS ACUSA SISSOCO EMBAL\u00d3 DE ENCENAR O GOLPE DE ESTADO\u00a0 - O Democrata GB","isPartOf":{"@id":"https:\/\/www.odemocratagb.com\/#website"},"primaryImageOfPage":{"@id":"https:\/\/www.odemocratagb.com\/?p=54850#primaryimage"},"image":{"@id":"https:\/\/www.odemocratagb.com\/?p=54850#primaryimage"},"thumbnailUrl":"https:\/\/www.odemocratagb.com\/wp-content\/uploads\/2025\/11\/IMG_7418-1.jpeg","datePublished":"2025-11-27T17:24:14+00:00","dateModified":"2025-11-27T17:24:18+00:00","breadcrumb":{"@id":"https:\/\/www.odemocratagb.com\/?p=54850#breadcrumb"},"inLanguage":"pt-BR","potentialAction":[{"@type":"ReadAction","target":["https:\/\/www.odemocratagb.com\/?p=54850"]}]},{"@type":"ImageObject","inLanguage":"pt-BR","@id":"https:\/\/www.odemocratagb.com\/?p=54850#primaryimage","url":"https:\/\/www.odemocratagb.com\/wp-content\/uploads\/2025\/11\/IMG_7418-1.jpeg","contentUrl":"https:\/\/www.odemocratagb.com\/wp-content\/uploads\/2025\/11\/IMG_7418-1.jpeg","width":845,"height":641},{"@type":"BreadcrumbList","@id":"https:\/\/www.odemocratagb.com\/?p=54850#breadcrumb","itemListElement":[{"@type":"ListItem","position":1,"name":"In\u00edcio","item":"https:\/\/www.odemocratagb.com\/"},{"@type":"ListItem","position":2,"name":"FERNANDO DIAS ACUSA SISSOCO EMBAL\u00d3 DE ENCENAR O GOLPE DE ESTADO\u00a0"}]},{"@type":"WebSite","@id":"https:\/\/www.odemocratagb.com\/#website","url":"https:\/\/www.odemocratagb.com\/","name":"O Democrata GB","description":"Jornal O Democrata GB","publisher":{"@id":"https:\/\/www.odemocratagb.com\/#organization"},"potentialAction":[{"@type":"SearchAction","target":{"@type":"EntryPoint","urlTemplate":"https:\/\/www.odemocratagb.com\/?s={search_term_string}"},"query-input":{"@type":"PropertyValueSpecification","valueRequired":true,"valueName":"search_term_string"}}],"inLanguage":"pt-BR"},{"@type":"Organization","@id":"https:\/\/www.odemocratagb.com\/#organization","name":"O Democrata GB","url":"https:\/\/www.odemocratagb.com\/","logo":{"@type":"ImageObject","inLanguage":"pt-BR","@id":"https:\/\/www.odemocratagb.com\/#\/schema\/logo\/image\/","url":"https:\/\/www.odemocratagb.com\/wp-content\/uploads\/2026\/04\/logo-odemocratagb.png","contentUrl":"https:\/\/www.odemocratagb.com\/wp-content\/uploads\/2026\/04\/logo-odemocratagb.png","width":1250,"height":327,"caption":"O Democrata GB"},"image":{"@id":"https:\/\/www.odemocratagb.com\/#\/schema\/logo\/image\/"},"sameAs":["https:\/\/www.facebook.com\/jornaldaguinebissau","https:\/\/www.instagram.com\/odemocratagb"]},{"@type":"Person","@id":"https:\/\/www.odemocratagb.com\/#\/schema\/person\/c5e683adeaf9b557e57cf1a8a591b0c0","name":"Jornal Odemocrata","image":{"@type":"ImageObject","inLanguage":"pt-BR","@id":"https:\/\/secure.gravatar.com\/avatar\/09cb6b76eee5612f7cfca9e0089e2f17141d417bd034905eee842945c87fd87f?s=96&d=mm&r=g","url":"https:\/\/secure.gravatar.com\/avatar\/09cb6b76eee5612f7cfca9e0089e2f17141d417bd034905eee842945c87fd87f?s=96&d=mm&r=g","contentUrl":"https:\/\/secure.gravatar.com\/avatar\/09cb6b76eee5612f7cfca9e0089e2f17141d417bd034905eee842945c87fd87f?s=96&d=mm&r=g","caption":"Jornal Odemocrata"},"sameAs":["http:\/\/odemocratagb.com"],"url":"https:\/\/www.odemocratagb.com\/?author=4"}]}},"_links":{"self":[{"href":"https:\/\/www.odemocratagb.com\/index.php?rest_route=\/wp\/v2\/posts\/54850","targetHints":{"allow":["GET"]}}],"collection":[{"href":"https:\/\/www.odemocratagb.com\/index.php?rest_route=\/wp\/v2\/posts"}],"about":[{"href":"https:\/\/www.odemocratagb.com\/index.php?rest_route=\/wp\/v2\/types\/post"}],"author":[{"embeddable":true,"href":"https:\/\/www.odemocratagb.com\/index.php?rest_route=\/wp\/v2\/users\/4"}],"replies":[{"embeddable":true,"href":"https:\/\/www.odemocratagb.com\/index.php?rest_route=%2Fwp%2Fv2%2Fcomments&post=54850"}],"version-history":[{"count":1,"href":"https:\/\/www.odemocratagb.com\/index.php?rest_route=\/wp\/v2\/posts\/54850\/revisions"}],"predecessor-version":[{"id":54852,"href":"https:\/\/www.odemocratagb.com\/index.php?rest_route=\/wp\/v2\/posts\/54850\/revisions\/54852"}],"wp:featuredmedia":[{"embeddable":true,"href":"https:\/\/www.odemocratagb.com\/index.php?rest_route=\/wp\/v2\/media\/54851"}],"wp:attachment":[{"href":"https:\/\/www.odemocratagb.com\/index.php?rest_route=%2Fwp%2Fv2%2Fmedia&parent=54850"}],"wp:term":[{"taxonomy":"category","embeddable":true,"href":"https:\/\/www.odemocratagb.com\/index.php?rest_route=%2Fwp%2Fv2%2Fcategories&post=54850"},{"taxonomy":"post_tag","embeddable":true,"href":"https:\/\/www.odemocratagb.com\/index.php?rest_route=%2Fwp%2Fv2%2Ftags&post=54850"}],"curies":[{"name":"wp","href":"https:\/\/api.w.org\/{rel}","templated":true}]}}