{"id":58801,"date":"2026-08-29T11:07:28","date_gmt":"2026-08-29T11:07:28","guid":{"rendered":"https:\/\/www.odemocratagb.com\/?p=58801"},"modified":"2026-08-29T11:07:31","modified_gmt":"2026-08-29T11:07:31","slug":"figura-da-semana-vasco-cabral-recordado-como-referencia-da-literatura-e-do-pensamento-guineense","status":"publish","type":"post","link":"https:\/\/www.odemocratagb.com\/?p=58801","title":{"rendered":"Figura da semana: Vasco Cabral recordado como refer\u00eancia da literatura e do pensamento guineense"},"content":{"rendered":"\n<p class=\"wp-block-paragraph\">A Casa das Letras e Artes Vasco Cabral (CLAVC) e a Uni\u00e3o Nacional dos Artistas e Escritores (UNAE) assinalaram o centen\u00e1rio do nascimento de Vasco Cabral sob o lema &#8220;A Luta \u00e9 a Minha Primavera: 100 Anos de Poesia, Mem\u00f3ria e Liberdade&#8221;.<\/p>\n\n\n\n<p class=\"wp-block-paragraph\">As celebra\u00e7\u00f5es destacaram o contributo fundamental do escritor, poeta e pensador guineense, considerado uma das maiores refer\u00eancias intelectuais da hist\u00f3ria contempor\u00e2nea da Guin\u00e9-Bissau.<\/p>\n\n\n\n<p class=\"wp-block-paragraph\">Para marcar a efem\u00e9ride, o Governo da Guin\u00e9-Bissau instituiu a primeira edi\u00e7\u00e3o do Pr\u00e9mio Nacional de Literatura &#8220;Vasco Cabral&#8221;, iniciativa que visa incentivar a produ\u00e7\u00e3o liter\u00e1ria nacional e promover os h\u00e1bitos de leitura no pa\u00eds. Diversas entidades e personalidades ligadas \u00e0 cultura manifestaram publicamente o seu reconhecimento e apre\u00e7o pela obra e pelo legado do autor.<\/p>\n\n\n\n<p class=\"wp-block-paragraph\"><strong>BIOGRAFIA<\/strong><\/p>\n\n\n\n<p class=\"wp-block-paragraph\">Ant\u00f3nio Vasco da Costa Rebelo Cabral foi um dos mais importantes intelectuais, poetas e dirigentes pol\u00edticos da Guin\u00e9-Bissau. Nasceu em Farim, no norte do pa\u00eds, a 23 de agosto de 1926, e licenciou-se em Ci\u00eancias Econ\u00f3micas e Financeiras pela Universidade T\u00e9cnica de Lisboa. Destacou-se como uma das figuras mais relevantes da pol\u00edtica, da intelectualidade e da literatura guineense.<\/p>\n\n\n\n<p class=\"wp-block-paragraph\">Durante a sua perman\u00eancia em Portugal, dedicou-se ao ensino, \u00e0 tradu\u00e7\u00e3o liter\u00e1ria e \u00e0 produ\u00e7\u00e3o intelectual, afirmando-se tamb\u00e9m como ensa\u00edsta e estudioso da economia.&nbsp;O seu envolvimento pol\u00edtico teve in\u00edcio ainda na d\u00e9cada de 1940, atrav\u00e9s da participa\u00e7\u00e3o em movimentos africanos e antifascistas que defendiam a liberdade dos povos colonizados. Trabalhou lado a lado com figuras hist\u00f3ricas como Am\u00edlcar Cabral, Agostinho Neto, Marcelino dos Santos e M\u00e1rio de Andrade. Em consequ\u00eancia da sua milit\u00e2ncia contra o regime colonial portugu\u00eas, foi preso duas vezes pela PIDE, em 1951 e 1954.<\/p>\n\n\n\n<p class=\"wp-block-paragraph\">Em 1962, regressou clandestinamente a \u00c1frica para integrar a luta de liberta\u00e7\u00e3o nacional conduzida pelo PAIGC (Partido Africano para a Independ\u00eancia da Guin\u00e9 e Cabo Verde). Durante a guerra de independ\u00eancia, desempenhou um papel fundamental na divulga\u00e7\u00e3o da ideologia do partido e na organiza\u00e7\u00e3o pol\u00edtica das zonas libertadas, exercendo fun\u00e7\u00f5es de comandante pol\u00edtico da luta de liberta\u00e7\u00e3o nacional.<\/p>\n\n\n\n<p class=\"wp-block-paragraph\">Ap\u00f3s a independ\u00eancia da Guin\u00e9-Bissau, assumiu importantes responsabilidades governativas. Foi deputado na Assembleia Nacional Popular que proclamou a independ\u00eancia do pa\u00eds e exerceu os cargos de Ministro da Economia e Finan\u00e7as, do Planeamento e do Desenvolvimento Econ\u00f3mico. Ocupou ainda posi\u00e7\u00f5es de relevo como Vice-Presidente do Conselho de Estado e Ministro de&nbsp;Estado em diversas \u00e1reas governativas. No seio do PAIGC, desempenhou igualmente fun\u00e7\u00f5es de lideran\u00e7a, incluindo a de Secret\u00e1rio Permanente do Comit\u00e9 Central.<\/p>\n\n\n\n<p class=\"wp-block-paragraph\">Paralelamente \u00e0 atividade pol\u00edtica, destacou-se no campo liter\u00e1rio. A sua obra mais conhecida, A Luta \u00e9 a Minha Primavera, publicada em 1981, re\u00fane poemas escritos entre 1951 e 1974 e tornou-se uma refer\u00eancia da poesia de resist\u00eancia e liberta\u00e7\u00e3o africana. Os seus textos foram traduzidos para diversas l\u00ednguas e integrados em importantes antologias da literatura africana de express\u00e3o portuguesa.<\/p>\n\n\n\n<p class=\"wp-block-paragraph\">O seu contributo para a literatura lus\u00f3fona encontra-se tamb\u00e9m simbolizado em Portugal, onde a sua figura \u00e9 homenageada no Parque dos Poetas, em Oeiras.<\/p>\n\n\n\n<p class=\"wp-block-paragraph\">Vasco Cabral foi uma das personalidades que contribu\u00edram para a constru\u00e7\u00e3o do projeto que viria a dar origem \u00e0 Comunidade dos Pa\u00edses de L\u00edngua Portuguesa (CPLP) e exerceu o cargo de Vice-Presidente do Conselho Mundial da Paz.<\/p>\n\n\n\n<p class=\"wp-block-paragraph\">Ao longo da sua vida, recebeu v\u00e1rias distin\u00e7\u00f5es nacionais e internacionais pelo seu contributo para a cultura, para a luta pela independ\u00eancia e para a promo\u00e7\u00e3o da paz. \u00c9 reconhecido como uma figura incontorn\u00e1vel da hist\u00f3ria pol\u00edtica, cultural e liter\u00e1ria da Guin\u00e9-Bissau, cuja trajet\u00f3ria uniu o compromisso revolucion\u00e1rio \u00e0 cria\u00e7\u00e3o po\u00e9tica.<\/p>\n\n\n\n<p class=\"wp-block-paragraph\"><\/p>\n\n\n\n<p class=\"wp-block-paragraph\"><\/p>\n\n\n\n<p class=\"wp-block-paragraph\"><\/p>\n\n\n\n<p class=\"wp-block-paragraph\"><strong>Por: Epif\u00e2nia Mendon\u00e7a<\/strong><\/p>\n","protected":false},"excerpt":{"rendered":"<p>A Casa das Letras e Artes Vasco Cabral (CLAVC) e a Uni\u00e3o Nacional dos Artistas e Escritores (UNAE) assinalaram o&#8230;<\/p>\n","protected":false},"author":4,"featured_media":58802,"comment_status":"open","ping_status":"open","sticky":false,"template":"","format":"standard","meta":{"footnotes":""},"categories":[27],"tags":[],"class_list":["post-58801","post","type-post","status-publish","format-standard","has-post-thumbnail","hentry","category-cultura","wpcat-27-id"],"yoast_head":"<!-- This site is optimized with the Yoast SEO plugin v27.5 - https:\/\/yoast.com\/product\/yoast-seo-wordpress\/ -->\n<title>Figura da semana: Vasco Cabral recordado como refer\u00eancia da literatura e do pensamento guineense - O Democrata GB<\/title>\n<meta name=\"robots\" content=\"index, follow, max-snippet:-1, max-image-preview:large, max-video-preview:-1\" \/>\n<link rel=\"canonical\" href=\"https:\/\/www.odemocratagb.com\/?p=58801\" \/>\n<meta property=\"og:locale\" content=\"pt_BR\" \/>\n<meta property=\"og:type\" content=\"article\" \/>\n<meta property=\"og:title\" content=\"Figura da semana: Vasco Cabral recordado como refer\u00eancia da literatura e do pensamento guineense - O Democrata GB\" \/>\n<meta property=\"og:description\" content=\"A Casa das Letras e Artes Vasco Cabral (CLAVC) e a Uni\u00e3o Nacional dos Artistas e Escritores (UNAE) assinalaram o...\" \/>\n<meta property=\"og:url\" content=\"https:\/\/www.odemocratagb.com\/?p=58801\" \/>\n<meta property=\"og:site_name\" content=\"O Democrata GB\" \/>\n<meta property=\"article:publisher\" content=\"https:\/\/www.facebook.com\/jornaldaguinebissau\" \/>\n<meta property=\"article:published_time\" content=\"2026-08-29T11:07:28+00:00\" \/>\n<meta property=\"article:modified_time\" content=\"2026-08-29T11:07:31+00:00\" \/>\n<meta property=\"og:image\" content=\"https:\/\/www.odemocratagb.com\/wp-content\/uploads\/2026\/08\/IMG_3149.jpeg\" \/>\n\t<meta property=\"og:image:width\" content=\"1080\" \/>\n\t<meta property=\"og:image:height\" content=\"1197\" \/>\n\t<meta property=\"og:image:type\" content=\"image\/jpeg\" \/>\n<meta name=\"author\" content=\"Jornal Odemocrata\" \/>\n<meta name=\"twitter:card\" content=\"summary_large_image\" \/>\n<meta name=\"twitter:label1\" content=\"Escrito por\" \/>\n\t<meta name=\"twitter:data1\" content=\"Jornal Odemocrata\" \/>\n\t<meta name=\"twitter:label2\" content=\"Est. tempo de leitura\" \/>\n\t<meta name=\"twitter:data2\" content=\"4 minutos\" \/>\n<script type=\"application\/ld+json\" class=\"yoast-schema-graph\">{\"@context\":\"https:\\\/\\\/schema.org\",\"@graph\":[{\"@type\":\"Article\",\"@id\":\"https:\\\/\\\/www.odemocratagb.com\\\/?p=58801#article\",\"isPartOf\":{\"@id\":\"https:\\\/\\\/www.odemocratagb.com\\\/?p=58801\"},\"author\":{\"name\":\"Jornal Odemocrata\",\"@id\":\"https:\\\/\\\/www.odemocratagb.com\\\/#\\\/schema\\\/person\\\/c5e683adeaf9b557e57cf1a8a591b0c0\"},\"headline\":\"Figura da semana: Vasco Cabral recordado como refer\u00eancia da literatura e do pensamento guineense\",\"datePublished\":\"2026-08-29T11:07:28+00:00\",\"dateModified\":\"2026-08-29T11:07:31+00:00\",\"mainEntityOfPage\":{\"@id\":\"https:\\\/\\\/www.odemocratagb.com\\\/?p=58801\"},\"wordCount\":662,\"commentCount\":0,\"publisher\":{\"@id\":\"https:\\\/\\\/www.odemocratagb.com\\\/#organization\"},\"image\":{\"@id\":\"https:\\\/\\\/www.odemocratagb.com\\\/?p=58801#primaryimage\"},\"thumbnailUrl\":\"https:\\\/\\\/www.odemocratagb.com\\\/wp-content\\\/uploads\\\/2026\\\/08\\\/IMG_3149.jpeg\",\"articleSection\":[\"Cultura\"],\"inLanguage\":\"pt-BR\",\"potentialAction\":[{\"@type\":\"CommentAction\",\"name\":\"Comment\",\"target\":[\"https:\\\/\\\/www.odemocratagb.com\\\/?p=58801#respond\"]}]},{\"@type\":\"WebPage\",\"@id\":\"https:\\\/\\\/www.odemocratagb.com\\\/?p=58801\",\"url\":\"https:\\\/\\\/www.odemocratagb.com\\\/?p=58801\",\"name\":\"Figura da semana: Vasco Cabral recordado como refer\u00eancia da literatura e do pensamento guineense - O Democrata GB\",\"isPartOf\":{\"@id\":\"https:\\\/\\\/www.odemocratagb.com\\\/#website\"},\"primaryImageOfPage\":{\"@id\":\"https:\\\/\\\/www.odemocratagb.com\\\/?p=58801#primaryimage\"},\"image\":{\"@id\":\"https:\\\/\\\/www.odemocratagb.com\\\/?p=58801#primaryimage\"},\"thumbnailUrl\":\"https:\\\/\\\/www.odemocratagb.com\\\/wp-content\\\/uploads\\\/2026\\\/08\\\/IMG_3149.jpeg\",\"datePublished\":\"2026-08-29T11:07:28+00:00\",\"dateModified\":\"2026-08-29T11:07:31+00:00\",\"breadcrumb\":{\"@id\":\"https:\\\/\\\/www.odemocratagb.com\\\/?p=58801#breadcrumb\"},\"inLanguage\":\"pt-BR\",\"potentialAction\":[{\"@type\":\"ReadAction\",\"target\":[\"https:\\\/\\\/www.odemocratagb.com\\\/?p=58801\"]}]},{\"@type\":\"ImageObject\",\"inLanguage\":\"pt-BR\",\"@id\":\"https:\\\/\\\/www.odemocratagb.com\\\/?p=58801#primaryimage\",\"url\":\"https:\\\/\\\/www.odemocratagb.com\\\/wp-content\\\/uploads\\\/2026\\\/08\\\/IMG_3149.jpeg\",\"contentUrl\":\"https:\\\/\\\/www.odemocratagb.com\\\/wp-content\\\/uploads\\\/2026\\\/08\\\/IMG_3149.jpeg\",\"width\":1080,\"height\":1197},{\"@type\":\"BreadcrumbList\",\"@id\":\"https:\\\/\\\/www.odemocratagb.com\\\/?p=58801#breadcrumb\",\"itemListElement\":[{\"@type\":\"ListItem\",\"position\":1,\"name\":\"In\u00edcio\",\"item\":\"https:\\\/\\\/www.odemocratagb.com\\\/\"},{\"@type\":\"ListItem\",\"position\":2,\"name\":\"Figura da semana: Vasco Cabral recordado como refer\u00eancia da literatura e do pensamento guineense\"}]},{\"@type\":\"WebSite\",\"@id\":\"https:\\\/\\\/www.odemocratagb.com\\\/#website\",\"url\":\"https:\\\/\\\/www.odemocratagb.com\\\/\",\"name\":\"O Democrata GB\",\"description\":\"Jornal O Democrata GB\",\"publisher\":{\"@id\":\"https:\\\/\\\/www.odemocratagb.com\\\/#organization\"},\"potentialAction\":[{\"@type\":\"SearchAction\",\"target\":{\"@type\":\"EntryPoint\",\"urlTemplate\":\"https:\\\/\\\/www.odemocratagb.com\\\/?s={search_term_string}\"},\"query-input\":{\"@type\":\"PropertyValueSpecification\",\"valueRequired\":true,\"valueName\":\"search_term_string\"}}],\"inLanguage\":\"pt-BR\"},{\"@type\":\"Organization\",\"@id\":\"https:\\\/\\\/www.odemocratagb.com\\\/#organization\",\"name\":\"O Democrata GB\",\"url\":\"https:\\\/\\\/www.odemocratagb.com\\\/\",\"logo\":{\"@type\":\"ImageObject\",\"inLanguage\":\"pt-BR\",\"@id\":\"https:\\\/\\\/www.odemocratagb.com\\\/#\\\/schema\\\/logo\\\/image\\\/\",\"url\":\"https:\\\/\\\/www.odemocratagb.com\\\/wp-content\\\/uploads\\\/2026\\\/04\\\/logo-odemocratagb.png\",\"contentUrl\":\"https:\\\/\\\/www.odemocratagb.com\\\/wp-content\\\/uploads\\\/2026\\\/04\\\/logo-odemocratagb.png\",\"width\":1250,\"height\":327,\"caption\":\"O Democrata GB\"},\"image\":{\"@id\":\"https:\\\/\\\/www.odemocratagb.com\\\/#\\\/schema\\\/logo\\\/image\\\/\"},\"sameAs\":[\"https:\\\/\\\/www.facebook.com\\\/jornaldaguinebissau\",\"https:\\\/\\\/www.instagram.com\\\/odemocratagb\"]},{\"@type\":\"Person\",\"@id\":\"https:\\\/\\\/www.odemocratagb.com\\\/#\\\/schema\\\/person\\\/c5e683adeaf9b557e57cf1a8a591b0c0\",\"name\":\"Jornal Odemocrata\",\"image\":{\"@type\":\"ImageObject\",\"inLanguage\":\"pt-BR\",\"@id\":\"https:\\\/\\\/secure.gravatar.com\\\/avatar\\\/09cb6b76eee5612f7cfca9e0089e2f17141d417bd034905eee842945c87fd87f?s=96&d=mm&r=g\",\"url\":\"https:\\\/\\\/secure.gravatar.com\\\/avatar\\\/09cb6b76eee5612f7cfca9e0089e2f17141d417bd034905eee842945c87fd87f?s=96&d=mm&r=g\",\"contentUrl\":\"https:\\\/\\\/secure.gravatar.com\\\/avatar\\\/09cb6b76eee5612f7cfca9e0089e2f17141d417bd034905eee842945c87fd87f?s=96&d=mm&r=g\",\"caption\":\"Jornal Odemocrata\"},\"sameAs\":[\"http:\\\/\\\/odemocratagb.com\"],\"url\":\"https:\\\/\\\/www.odemocratagb.com\\\/?author=4\"}]}<\/script>\n<!-- \/ Yoast SEO plugin. -->","yoast_head_json":{"title":"Figura da semana: Vasco Cabral recordado como refer\u00eancia da literatura e do pensamento guineense - O Democrata GB","robots":{"index":"index","follow":"follow","max-snippet":"max-snippet:-1","max-image-preview":"max-image-preview:large","max-video-preview":"max-video-preview:-1"},"canonical":"https:\/\/www.odemocratagb.com\/?p=58801","og_locale":"pt_BR","og_type":"article","og_title":"Figura da semana: Vasco Cabral recordado como refer\u00eancia da literatura e do pensamento guineense - O Democrata GB","og_description":"A Casa das Letras e Artes Vasco Cabral (CLAVC) e a Uni\u00e3o Nacional dos Artistas e Escritores (UNAE) assinalaram o...","og_url":"https:\/\/www.odemocratagb.com\/?p=58801","og_site_name":"O Democrata GB","article_publisher":"https:\/\/www.facebook.com\/jornaldaguinebissau","article_published_time":"2026-08-29T11:07:28+00:00","article_modified_time":"2026-08-29T11:07:31+00:00","og_image":[{"width":1080,"height":1197,"url":"https:\/\/www.odemocratagb.com\/wp-content\/uploads\/2026\/08\/IMG_3149.jpeg","type":"image\/jpeg"}],"author":"Jornal Odemocrata","twitter_card":"summary_large_image","twitter_misc":{"Escrito por":"Jornal Odemocrata","Est. tempo de leitura":"4 minutos"},"schema":{"@context":"https:\/\/schema.org","@graph":[{"@type":"Article","@id":"https:\/\/www.odemocratagb.com\/?p=58801#article","isPartOf":{"@id":"https:\/\/www.odemocratagb.com\/?p=58801"},"author":{"name":"Jornal Odemocrata","@id":"https:\/\/www.odemocratagb.com\/#\/schema\/person\/c5e683adeaf9b557e57cf1a8a591b0c0"},"headline":"Figura da semana: Vasco Cabral recordado como refer\u00eancia da literatura e do pensamento guineense","datePublished":"2026-08-29T11:07:28+00:00","dateModified":"2026-08-29T11:07:31+00:00","mainEntityOfPage":{"@id":"https:\/\/www.odemocratagb.com\/?p=58801"},"wordCount":662,"commentCount":0,"publisher":{"@id":"https:\/\/www.odemocratagb.com\/#organization"},"image":{"@id":"https:\/\/www.odemocratagb.com\/?p=58801#primaryimage"},"thumbnailUrl":"https:\/\/www.odemocratagb.com\/wp-content\/uploads\/2026\/08\/IMG_3149.jpeg","articleSection":["Cultura"],"inLanguage":"pt-BR","potentialAction":[{"@type":"CommentAction","name":"Comment","target":["https:\/\/www.odemocratagb.com\/?p=58801#respond"]}]},{"@type":"WebPage","@id":"https:\/\/www.odemocratagb.com\/?p=58801","url":"https:\/\/www.odemocratagb.com\/?p=58801","name":"Figura da semana: Vasco Cabral recordado como refer\u00eancia da literatura e do pensamento guineense - O Democrata GB","isPartOf":{"@id":"https:\/\/www.odemocratagb.com\/#website"},"primaryImageOfPage":{"@id":"https:\/\/www.odemocratagb.com\/?p=58801#primaryimage"},"image":{"@id":"https:\/\/www.odemocratagb.com\/?p=58801#primaryimage"},"thumbnailUrl":"https:\/\/www.odemocratagb.com\/wp-content\/uploads\/2026\/08\/IMG_3149.jpeg","datePublished":"2026-08-29T11:07:28+00:00","dateModified":"2026-08-29T11:07:31+00:00","breadcrumb":{"@id":"https:\/\/www.odemocratagb.com\/?p=58801#breadcrumb"},"inLanguage":"pt-BR","potentialAction":[{"@type":"ReadAction","target":["https:\/\/www.odemocratagb.com\/?p=58801"]}]},{"@type":"ImageObject","inLanguage":"pt-BR","@id":"https:\/\/www.odemocratagb.com\/?p=58801#primaryimage","url":"https:\/\/www.odemocratagb.com\/wp-content\/uploads\/2026\/08\/IMG_3149.jpeg","contentUrl":"https:\/\/www.odemocratagb.com\/wp-content\/uploads\/2026\/08\/IMG_3149.jpeg","width":1080,"height":1197},{"@type":"BreadcrumbList","@id":"https:\/\/www.odemocratagb.com\/?p=58801#breadcrumb","itemListElement":[{"@type":"ListItem","position":1,"name":"In\u00edcio","item":"https:\/\/www.odemocratagb.com\/"},{"@type":"ListItem","position":2,"name":"Figura da semana: Vasco Cabral recordado como refer\u00eancia da literatura e do pensamento guineense"}]},{"@type":"WebSite","@id":"https:\/\/www.odemocratagb.com\/#website","url":"https:\/\/www.odemocratagb.com\/","name":"O Democrata GB","description":"Jornal O Democrata GB","publisher":{"@id":"https:\/\/www.odemocratagb.com\/#organization"},"potentialAction":[{"@type":"SearchAction","target":{"@type":"EntryPoint","urlTemplate":"https:\/\/www.odemocratagb.com\/?s={search_term_string}"},"query-input":{"@type":"PropertyValueSpecification","valueRequired":true,"valueName":"search_term_string"}}],"inLanguage":"pt-BR"},{"@type":"Organization","@id":"https:\/\/www.odemocratagb.com\/#organization","name":"O Democrata GB","url":"https:\/\/www.odemocratagb.com\/","logo":{"@type":"ImageObject","inLanguage":"pt-BR","@id":"https:\/\/www.odemocratagb.com\/#\/schema\/logo\/image\/","url":"https:\/\/www.odemocratagb.com\/wp-content\/uploads\/2026\/04\/logo-odemocratagb.png","contentUrl":"https:\/\/www.odemocratagb.com\/wp-content\/uploads\/2026\/04\/logo-odemocratagb.png","width":1250,"height":327,"caption":"O Democrata GB"},"image":{"@id":"https:\/\/www.odemocratagb.com\/#\/schema\/logo\/image\/"},"sameAs":["https:\/\/www.facebook.com\/jornaldaguinebissau","https:\/\/www.instagram.com\/odemocratagb"]},{"@type":"Person","@id":"https:\/\/www.odemocratagb.com\/#\/schema\/person\/c5e683adeaf9b557e57cf1a8a591b0c0","name":"Jornal Odemocrata","image":{"@type":"ImageObject","inLanguage":"pt-BR","@id":"https:\/\/secure.gravatar.com\/avatar\/09cb6b76eee5612f7cfca9e0089e2f17141d417bd034905eee842945c87fd87f?s=96&d=mm&r=g","url":"https:\/\/secure.gravatar.com\/avatar\/09cb6b76eee5612f7cfca9e0089e2f17141d417bd034905eee842945c87fd87f?s=96&d=mm&r=g","contentUrl":"https:\/\/secure.gravatar.com\/avatar\/09cb6b76eee5612f7cfca9e0089e2f17141d417bd034905eee842945c87fd87f?s=96&d=mm&r=g","caption":"Jornal Odemocrata"},"sameAs":["http:\/\/odemocratagb.com"],"url":"https:\/\/www.odemocratagb.com\/?author=4"}]}},"_links":{"self":[{"href":"https:\/\/www.odemocratagb.com\/index.php?rest_route=\/wp\/v2\/posts\/58801","targetHints":{"allow":["GET"]}}],"collection":[{"href":"https:\/\/www.odemocratagb.com\/index.php?rest_route=\/wp\/v2\/posts"}],"about":[{"href":"https:\/\/www.odemocratagb.com\/index.php?rest_route=\/wp\/v2\/types\/post"}],"author":[{"embeddable":true,"href":"https:\/\/www.odemocratagb.com\/index.php?rest_route=\/wp\/v2\/users\/4"}],"replies":[{"embeddable":true,"href":"https:\/\/www.odemocratagb.com\/index.php?rest_route=%2Fwp%2Fv2%2Fcomments&post=58801"}],"version-history":[{"count":1,"href":"https:\/\/www.odemocratagb.com\/index.php?rest_route=\/wp\/v2\/posts\/58801\/revisions"}],"predecessor-version":[{"id":58803,"href":"https:\/\/www.odemocratagb.com\/index.php?rest_route=\/wp\/v2\/posts\/58801\/revisions\/58803"}],"wp:featuredmedia":[{"embeddable":true,"href":"https:\/\/www.odemocratagb.com\/index.php?rest_route=\/wp\/v2\/media\/58802"}],"wp:attachment":[{"href":"https:\/\/www.odemocratagb.com\/index.php?rest_route=%2Fwp%2Fv2%2Fmedia&parent=58801"}],"wp:term":[{"taxonomy":"category","embeddable":true,"href":"https:\/\/www.odemocratagb.com\/index.php?rest_route=%2Fwp%2Fv2%2Fcategories&post=58801"},{"taxonomy":"post_tag","embeddable":true,"href":"https:\/\/www.odemocratagb.com\/index.php?rest_route=%2Fwp%2Fv2%2Ftags&post=58801"}],"curies":[{"name":"wp","href":"https:\/\/api.w.org\/{rel}","templated":true}]}}