{"id":58812,"date":"2026-08-30T12:45:54","date_gmt":"2026-08-30T12:45:54","guid":{"rendered":"https:\/\/www.odemocratagb.com\/?p=58812"},"modified":"2026-08-30T12:45:57","modified_gmt":"2026-08-30T12:45:57","slug":"horta-destaca-importancia-do-voto-dos-jovens-para-o-futuro-da-guine-bissau","status":"publish","type":"post","link":"https:\/\/www.odemocratagb.com\/?p=58812","title":{"rendered":"Horta destaca import\u00e2ncia do voto dos jovens para o futuro da Guin\u00e9-Bissau"},"content":{"rendered":"\n<p class=\"wp-block-paragraph\">O Presidente de Transi\u00e7\u00e3o, General Horta Inta-a, apelou aos eleitores guineenses, em particular \u00e0 juventude, para que participem massivamente no referendo, alertando os jovens para n\u00e3o permitirem que o seu futuro seja adiado mais uma vez.<\/p>\n\n\n\n<p class=\"wp-block-paragraph\">\u201cApelo aos cidad\u00e3os guineenses e, sobretudo, aos jovens, para que saiam de casa e votem massivamente. Este processo n\u00e3o \u00e9 uma quest\u00e3o de partidos, mas sim uma quest\u00e3o da Guin\u00e9-Bissau, que estamos a decidir atrav\u00e9s deste referendo\u201d, afirmou o Chefe de Estado aos jornalistas, ap\u00f3s votar na mesa de voto n.\u00ba 02, do distrito eleitoral n.\u00ba 51, c\u00edrculo eleitoral n.\u00ba 25, no bairro de Empatcha, em Bissau.<\/p>\n\n\n\n<p class=\"wp-block-paragraph\">O Presidente Horta compareceu acompanhado pela Primeira-Dama, por membros do seu gabinete, pela presidente da Comiss\u00e3o Nacional de Elei\u00e7\u00f5es (CNE), Carmem Isaura Tavares Batista Lobo, e pelo vice-presidente do Conselho Nacional de Transi\u00e7\u00e3o (CNT), Fod\u00e9 Caramba Sanh\u00e1.<\/p>\n\n\n\n<p class=\"wp-block-paragraph\">Ao todo, 914.428 eleitores guineenses come\u00e7aram, na manh\u00e3 deste domingo, a votar sobre a ado\u00e7\u00e3o da nova Constitui\u00e7\u00e3o da Rep\u00fablica, aprovada pelas autoridades de transi\u00e7\u00e3o atrav\u00e9s do Conselho Nacional de Transi\u00e7\u00e3o.<\/p>\n\n\n\n<p class=\"wp-block-paragraph\">O processo eleitoral, organizado pela Comiss\u00e3o Nacional de Elei\u00e7\u00f5es, decorre por sufr\u00e1gio universal, direto, secreto e pessoal em todo o territ\u00f3rio nacional, atrav\u00e9s de 3.562 mesas de voto distribu\u00eddas por 2.036 sec\u00e7\u00f5es eleitorais. A maioria das assembleias de voto abriu&nbsp;\u00e0s 07h00&nbsp;e permanecer\u00e1 em funcionamento at\u00e9&nbsp;\u00e0s 17h00.<\/p>\n\n\n\n<p class=\"wp-block-paragraph\">O Presidente de Transi\u00e7\u00e3o explicou que o referendo visa, essencialmente, p\u00f4r fim aos constantes conflitos pol\u00edticos e bloqueios institucionais registados no Parlamento, permitindo que os futuros governos completem os respetivos mandatos.<\/p>\n\n\n\n<figure class=\"wp-block-image size-large\"><a href=\"https:\/\/www.odemocratagb.com\/wp-content\/uploads\/2026\/08\/d82a5470-4cb2-4c4f-ac25-2f3814b23c9b.jpeg\"><img loading=\"lazy\" decoding=\"async\" width=\"1024\" height=\"576\" src=\"https:\/\/www.odemocratagb.com\/wp-content\/uploads\/2026\/08\/d82a5470-4cb2-4c4f-ac25-2f3814b23c9b-1024x576.jpeg\" alt=\"\" class=\"wp-image-58814\" srcset=\"https:\/\/www.odemocratagb.com\/wp-content\/uploads\/2026\/08\/d82a5470-4cb2-4c4f-ac25-2f3814b23c9b-1024x576.jpeg 1024w, https:\/\/www.odemocratagb.com\/wp-content\/uploads\/2026\/08\/d82a5470-4cb2-4c4f-ac25-2f3814b23c9b-300x169.jpeg 300w, https:\/\/www.odemocratagb.com\/wp-content\/uploads\/2026\/08\/d82a5470-4cb2-4c4f-ac25-2f3814b23c9b-768x432.jpeg 768w, https:\/\/www.odemocratagb.com\/wp-content\/uploads\/2026\/08\/d82a5470-4cb2-4c4f-ac25-2f3814b23c9b.jpeg 1080w\" sizes=\"auto, (max-width: 1024px) 100vw, 1024px\" \/><\/a><\/figure>\n\n\n\n<p class=\"wp-block-paragraph\">\u201cO futuro dos jovens est\u00e1 a ser adiado por um grupo de pessoas. Est\u00e3o a dizer-vos para ficarem em casa e recusarem votar. Apelo a todos os guineenses para que saiam e votem, para que ningu\u00e9m diga que a sua voz n\u00e3o conta, porque todos n\u00f3s estamos envolvidos neste processo. Digo sempre que ningu\u00e9m vir\u00e1 de fora para desenvolver esta terra; somos n\u00f3s que temos de desenvolver este pa\u00eds\u201d, afirmou.<\/p>\n\n\n\n<p class=\"wp-block-paragraph\">Horta Inta-a referiu ainda que existem especula\u00e7\u00f5es de que o referendo estaria a ser realizado para permitir o regresso de Umaro Sissoco Embal\u00f3 ao pa\u00eds. No entanto, salientou que Sissoco Embal\u00f3 \u00e9 cidad\u00e3o guineense, tal como Braima Camar\u00e1 e Domingos Sim\u00f5es Pereira, pelo que todos t\u00eam o direito de regressar e viver na Guin\u00e9-Bissau.<\/p>\n\n\n\n<p class=\"wp-block-paragraph\">\u201cCumpri o meu dever de cidad\u00e3o ao votar. Apelo a todos para que saiam em massa e participem neste referendo\u201d, concluiu.<\/p>\n\n\n\n<p class=\"wp-block-paragraph\"><\/p>\n\n\n\n<p class=\"wp-block-paragraph\"><\/p>\n\n\n\n<p class=\"wp-block-paragraph\"><\/p>\n\n\n\n<p class=\"wp-block-paragraph\"><strong>Por: Assana Samb\u00fa \/ Jacimira Segunda Sia<\/strong><\/p>\n\n\n\n<p class=\"wp-block-paragraph\"><\/p>\n","protected":false},"excerpt":{"rendered":"<p>O Presidente de Transi\u00e7\u00e3o, General Horta Inta-a, apelou aos eleitores guineenses, em particular \u00e0 juventude, para que participem massivamente no&#8230;<\/p>\n","protected":false},"author":4,"featured_media":58813,"comment_status":"open","ping_status":"open","sticky":false,"template":"","format":"standard","meta":{"footnotes":""},"categories":[6],"tags":[],"class_list":["post-58812","post","type-post","status-publish","format-standard","has-post-thumbnail","hentry","category-inicio","wpcat-6-id"],"yoast_head":"<!-- This site is optimized with the Yoast SEO plugin v27.5 - https:\/\/yoast.com\/product\/yoast-seo-wordpress\/ -->\n<title>Horta destaca import\u00e2ncia do voto dos jovens para o futuro da Guin\u00e9-Bissau - O Democrata GB<\/title>\n<meta name=\"robots\" content=\"index, follow, max-snippet:-1, max-image-preview:large, max-video-preview:-1\" \/>\n<link rel=\"canonical\" href=\"https:\/\/www.odemocratagb.com\/?p=58812\" \/>\n<meta property=\"og:locale\" content=\"pt_BR\" \/>\n<meta property=\"og:type\" content=\"article\" \/>\n<meta property=\"og:title\" content=\"Horta destaca import\u00e2ncia do voto dos jovens para o futuro da Guin\u00e9-Bissau - O Democrata GB\" \/>\n<meta property=\"og:description\" content=\"O Presidente de Transi\u00e7\u00e3o, General Horta Inta-a, apelou aos eleitores guineenses, em particular \u00e0 juventude, para que participem massivamente no...\" \/>\n<meta property=\"og:url\" content=\"https:\/\/www.odemocratagb.com\/?p=58812\" \/>\n<meta property=\"og:site_name\" content=\"O Democrata GB\" \/>\n<meta property=\"article:publisher\" content=\"https:\/\/www.facebook.com\/jornaldaguinebissau\" \/>\n<meta property=\"article:published_time\" content=\"2026-08-30T12:45:54+00:00\" \/>\n<meta property=\"article:modified_time\" content=\"2026-08-30T12:45:57+00:00\" \/>\n<meta property=\"og:image\" content=\"https:\/\/www.odemocratagb.com\/wp-content\/uploads\/2026\/08\/2fb3e247-66ac-4426-a760-d870efc9b1b3.jpeg\" \/>\n\t<meta property=\"og:image:width\" content=\"1080\" \/>\n\t<meta property=\"og:image:height\" content=\"608\" \/>\n\t<meta property=\"og:image:type\" content=\"image\/jpeg\" \/>\n<meta name=\"author\" content=\"Jornal Odemocrata\" \/>\n<meta name=\"twitter:card\" content=\"summary_large_image\" \/>\n<meta name=\"twitter:label1\" content=\"Escrito por\" \/>\n\t<meta name=\"twitter:data1\" content=\"Jornal Odemocrata\" \/>\n\t<meta name=\"twitter:label2\" content=\"Est. tempo de leitura\" \/>\n\t<meta name=\"twitter:data2\" content=\"3 minutos\" \/>\n<script type=\"application\/ld+json\" class=\"yoast-schema-graph\">{\"@context\":\"https:\\\/\\\/schema.org\",\"@graph\":[{\"@type\":\"Article\",\"@id\":\"https:\\\/\\\/www.odemocratagb.com\\\/?p=58812#article\",\"isPartOf\":{\"@id\":\"https:\\\/\\\/www.odemocratagb.com\\\/?p=58812\"},\"author\":{\"name\":\"Jornal Odemocrata\",\"@id\":\"https:\\\/\\\/www.odemocratagb.com\\\/#\\\/schema\\\/person\\\/c5e683adeaf9b557e57cf1a8a591b0c0\"},\"headline\":\"Horta destaca import\u00e2ncia do voto dos jovens para o futuro da Guin\u00e9-Bissau\",\"datePublished\":\"2026-08-30T12:45:54+00:00\",\"dateModified\":\"2026-08-30T12:45:57+00:00\",\"mainEntityOfPage\":{\"@id\":\"https:\\\/\\\/www.odemocratagb.com\\\/?p=58812\"},\"wordCount\":454,\"commentCount\":0,\"publisher\":{\"@id\":\"https:\\\/\\\/www.odemocratagb.com\\\/#organization\"},\"image\":{\"@id\":\"https:\\\/\\\/www.odemocratagb.com\\\/?p=58812#primaryimage\"},\"thumbnailUrl\":\"https:\\\/\\\/www.odemocratagb.com\\\/wp-content\\\/uploads\\\/2026\\\/08\\\/2fb3e247-66ac-4426-a760-d870efc9b1b3.jpeg\",\"articleSection\":[\"Atualidade\"],\"inLanguage\":\"pt-BR\",\"potentialAction\":[{\"@type\":\"CommentAction\",\"name\":\"Comment\",\"target\":[\"https:\\\/\\\/www.odemocratagb.com\\\/?p=58812#respond\"]}]},{\"@type\":\"WebPage\",\"@id\":\"https:\\\/\\\/www.odemocratagb.com\\\/?p=58812\",\"url\":\"https:\\\/\\\/www.odemocratagb.com\\\/?p=58812\",\"name\":\"Horta destaca import\u00e2ncia do voto dos jovens para o futuro da Guin\u00e9-Bissau - O Democrata GB\",\"isPartOf\":{\"@id\":\"https:\\\/\\\/www.odemocratagb.com\\\/#website\"},\"primaryImageOfPage\":{\"@id\":\"https:\\\/\\\/www.odemocratagb.com\\\/?p=58812#primaryimage\"},\"image\":{\"@id\":\"https:\\\/\\\/www.odemocratagb.com\\\/?p=58812#primaryimage\"},\"thumbnailUrl\":\"https:\\\/\\\/www.odemocratagb.com\\\/wp-content\\\/uploads\\\/2026\\\/08\\\/2fb3e247-66ac-4426-a760-d870efc9b1b3.jpeg\",\"datePublished\":\"2026-08-30T12:45:54+00:00\",\"dateModified\":\"2026-08-30T12:45:57+00:00\",\"breadcrumb\":{\"@id\":\"https:\\\/\\\/www.odemocratagb.com\\\/?p=58812#breadcrumb\"},\"inLanguage\":\"pt-BR\",\"potentialAction\":[{\"@type\":\"ReadAction\",\"target\":[\"https:\\\/\\\/www.odemocratagb.com\\\/?p=58812\"]}]},{\"@type\":\"ImageObject\",\"inLanguage\":\"pt-BR\",\"@id\":\"https:\\\/\\\/www.odemocratagb.com\\\/?p=58812#primaryimage\",\"url\":\"https:\\\/\\\/www.odemocratagb.com\\\/wp-content\\\/uploads\\\/2026\\\/08\\\/2fb3e247-66ac-4426-a760-d870efc9b1b3.jpeg\",\"contentUrl\":\"https:\\\/\\\/www.odemocratagb.com\\\/wp-content\\\/uploads\\\/2026\\\/08\\\/2fb3e247-66ac-4426-a760-d870efc9b1b3.jpeg\",\"width\":1080,\"height\":608},{\"@type\":\"BreadcrumbList\",\"@id\":\"https:\\\/\\\/www.odemocratagb.com\\\/?p=58812#breadcrumb\",\"itemListElement\":[{\"@type\":\"ListItem\",\"position\":1,\"name\":\"In\u00edcio\",\"item\":\"https:\\\/\\\/www.odemocratagb.com\\\/\"},{\"@type\":\"ListItem\",\"position\":2,\"name\":\"Horta destaca import\u00e2ncia do voto dos jovens para o futuro da Guin\u00e9-Bissau\"}]},{\"@type\":\"WebSite\",\"@id\":\"https:\\\/\\\/www.odemocratagb.com\\\/#website\",\"url\":\"https:\\\/\\\/www.odemocratagb.com\\\/\",\"name\":\"O Democrata GB\",\"description\":\"Jornal O Democrata GB\",\"publisher\":{\"@id\":\"https:\\\/\\\/www.odemocratagb.com\\\/#organization\"},\"potentialAction\":[{\"@type\":\"SearchAction\",\"target\":{\"@type\":\"EntryPoint\",\"urlTemplate\":\"https:\\\/\\\/www.odemocratagb.com\\\/?s={search_term_string}\"},\"query-input\":{\"@type\":\"PropertyValueSpecification\",\"valueRequired\":true,\"valueName\":\"search_term_string\"}}],\"inLanguage\":\"pt-BR\"},{\"@type\":\"Organization\",\"@id\":\"https:\\\/\\\/www.odemocratagb.com\\\/#organization\",\"name\":\"O Democrata GB\",\"url\":\"https:\\\/\\\/www.odemocratagb.com\\\/\",\"logo\":{\"@type\":\"ImageObject\",\"inLanguage\":\"pt-BR\",\"@id\":\"https:\\\/\\\/www.odemocratagb.com\\\/#\\\/schema\\\/logo\\\/image\\\/\",\"url\":\"https:\\\/\\\/www.odemocratagb.com\\\/wp-content\\\/uploads\\\/2026\\\/04\\\/logo-odemocratagb.png\",\"contentUrl\":\"https:\\\/\\\/www.odemocratagb.com\\\/wp-content\\\/uploads\\\/2026\\\/04\\\/logo-odemocratagb.png\",\"width\":1250,\"height\":327,\"caption\":\"O Democrata GB\"},\"image\":{\"@id\":\"https:\\\/\\\/www.odemocratagb.com\\\/#\\\/schema\\\/logo\\\/image\\\/\"},\"sameAs\":[\"https:\\\/\\\/www.facebook.com\\\/jornaldaguinebissau\",\"https:\\\/\\\/www.instagram.com\\\/odemocratagb\"]},{\"@type\":\"Person\",\"@id\":\"https:\\\/\\\/www.odemocratagb.com\\\/#\\\/schema\\\/person\\\/c5e683adeaf9b557e57cf1a8a591b0c0\",\"name\":\"Jornal Odemocrata\",\"image\":{\"@type\":\"ImageObject\",\"inLanguage\":\"pt-BR\",\"@id\":\"https:\\\/\\\/secure.gravatar.com\\\/avatar\\\/09cb6b76eee5612f7cfca9e0089e2f17141d417bd034905eee842945c87fd87f?s=96&d=mm&r=g\",\"url\":\"https:\\\/\\\/secure.gravatar.com\\\/avatar\\\/09cb6b76eee5612f7cfca9e0089e2f17141d417bd034905eee842945c87fd87f?s=96&d=mm&r=g\",\"contentUrl\":\"https:\\\/\\\/secure.gravatar.com\\\/avatar\\\/09cb6b76eee5612f7cfca9e0089e2f17141d417bd034905eee842945c87fd87f?s=96&d=mm&r=g\",\"caption\":\"Jornal Odemocrata\"},\"sameAs\":[\"http:\\\/\\\/odemocratagb.com\"],\"url\":\"https:\\\/\\\/www.odemocratagb.com\\\/?author=4\"}]}<\/script>\n<!-- \/ Yoast SEO plugin. -->","yoast_head_json":{"title":"Horta destaca import\u00e2ncia do voto dos jovens para o futuro da Guin\u00e9-Bissau - O Democrata GB","robots":{"index":"index","follow":"follow","max-snippet":"max-snippet:-1","max-image-preview":"max-image-preview:large","max-video-preview":"max-video-preview:-1"},"canonical":"https:\/\/www.odemocratagb.com\/?p=58812","og_locale":"pt_BR","og_type":"article","og_title":"Horta destaca import\u00e2ncia do voto dos jovens para o futuro da Guin\u00e9-Bissau - O Democrata GB","og_description":"O Presidente de Transi\u00e7\u00e3o, General Horta Inta-a, apelou aos eleitores guineenses, em particular \u00e0 juventude, para que participem massivamente no...","og_url":"https:\/\/www.odemocratagb.com\/?p=58812","og_site_name":"O Democrata GB","article_publisher":"https:\/\/www.facebook.com\/jornaldaguinebissau","article_published_time":"2026-08-30T12:45:54+00:00","article_modified_time":"2026-08-30T12:45:57+00:00","og_image":[{"width":1080,"height":608,"url":"https:\/\/www.odemocratagb.com\/wp-content\/uploads\/2026\/08\/2fb3e247-66ac-4426-a760-d870efc9b1b3.jpeg","type":"image\/jpeg"}],"author":"Jornal Odemocrata","twitter_card":"summary_large_image","twitter_misc":{"Escrito por":"Jornal Odemocrata","Est. tempo de leitura":"3 minutos"},"schema":{"@context":"https:\/\/schema.org","@graph":[{"@type":"Article","@id":"https:\/\/www.odemocratagb.com\/?p=58812#article","isPartOf":{"@id":"https:\/\/www.odemocratagb.com\/?p=58812"},"author":{"name":"Jornal Odemocrata","@id":"https:\/\/www.odemocratagb.com\/#\/schema\/person\/c5e683adeaf9b557e57cf1a8a591b0c0"},"headline":"Horta destaca import\u00e2ncia do voto dos jovens para o futuro da Guin\u00e9-Bissau","datePublished":"2026-08-30T12:45:54+00:00","dateModified":"2026-08-30T12:45:57+00:00","mainEntityOfPage":{"@id":"https:\/\/www.odemocratagb.com\/?p=58812"},"wordCount":454,"commentCount":0,"publisher":{"@id":"https:\/\/www.odemocratagb.com\/#organization"},"image":{"@id":"https:\/\/www.odemocratagb.com\/?p=58812#primaryimage"},"thumbnailUrl":"https:\/\/www.odemocratagb.com\/wp-content\/uploads\/2026\/08\/2fb3e247-66ac-4426-a760-d870efc9b1b3.jpeg","articleSection":["Atualidade"],"inLanguage":"pt-BR","potentialAction":[{"@type":"CommentAction","name":"Comment","target":["https:\/\/www.odemocratagb.com\/?p=58812#respond"]}]},{"@type":"WebPage","@id":"https:\/\/www.odemocratagb.com\/?p=58812","url":"https:\/\/www.odemocratagb.com\/?p=58812","name":"Horta destaca import\u00e2ncia do voto dos jovens para o futuro da Guin\u00e9-Bissau - O Democrata GB","isPartOf":{"@id":"https:\/\/www.odemocratagb.com\/#website"},"primaryImageOfPage":{"@id":"https:\/\/www.odemocratagb.com\/?p=58812#primaryimage"},"image":{"@id":"https:\/\/www.odemocratagb.com\/?p=58812#primaryimage"},"thumbnailUrl":"https:\/\/www.odemocratagb.com\/wp-content\/uploads\/2026\/08\/2fb3e247-66ac-4426-a760-d870efc9b1b3.jpeg","datePublished":"2026-08-30T12:45:54+00:00","dateModified":"2026-08-30T12:45:57+00:00","breadcrumb":{"@id":"https:\/\/www.odemocratagb.com\/?p=58812#breadcrumb"},"inLanguage":"pt-BR","potentialAction":[{"@type":"ReadAction","target":["https:\/\/www.odemocratagb.com\/?p=58812"]}]},{"@type":"ImageObject","inLanguage":"pt-BR","@id":"https:\/\/www.odemocratagb.com\/?p=58812#primaryimage","url":"https:\/\/www.odemocratagb.com\/wp-content\/uploads\/2026\/08\/2fb3e247-66ac-4426-a760-d870efc9b1b3.jpeg","contentUrl":"https:\/\/www.odemocratagb.com\/wp-content\/uploads\/2026\/08\/2fb3e247-66ac-4426-a760-d870efc9b1b3.jpeg","width":1080,"height":608},{"@type":"BreadcrumbList","@id":"https:\/\/www.odemocratagb.com\/?p=58812#breadcrumb","itemListElement":[{"@type":"ListItem","position":1,"name":"In\u00edcio","item":"https:\/\/www.odemocratagb.com\/"},{"@type":"ListItem","position":2,"name":"Horta destaca import\u00e2ncia do voto dos jovens para o futuro da Guin\u00e9-Bissau"}]},{"@type":"WebSite","@id":"https:\/\/www.odemocratagb.com\/#website","url":"https:\/\/www.odemocratagb.com\/","name":"O Democrata GB","description":"Jornal O Democrata GB","publisher":{"@id":"https:\/\/www.odemocratagb.com\/#organization"},"potentialAction":[{"@type":"SearchAction","target":{"@type":"EntryPoint","urlTemplate":"https:\/\/www.odemocratagb.com\/?s={search_term_string}"},"query-input":{"@type":"PropertyValueSpecification","valueRequired":true,"valueName":"search_term_string"}}],"inLanguage":"pt-BR"},{"@type":"Organization","@id":"https:\/\/www.odemocratagb.com\/#organization","name":"O Democrata GB","url":"https:\/\/www.odemocratagb.com\/","logo":{"@type":"ImageObject","inLanguage":"pt-BR","@id":"https:\/\/www.odemocratagb.com\/#\/schema\/logo\/image\/","url":"https:\/\/www.odemocratagb.com\/wp-content\/uploads\/2026\/04\/logo-odemocratagb.png","contentUrl":"https:\/\/www.odemocratagb.com\/wp-content\/uploads\/2026\/04\/logo-odemocratagb.png","width":1250,"height":327,"caption":"O Democrata GB"},"image":{"@id":"https:\/\/www.odemocratagb.com\/#\/schema\/logo\/image\/"},"sameAs":["https:\/\/www.facebook.com\/jornaldaguinebissau","https:\/\/www.instagram.com\/odemocratagb"]},{"@type":"Person","@id":"https:\/\/www.odemocratagb.com\/#\/schema\/person\/c5e683adeaf9b557e57cf1a8a591b0c0","name":"Jornal Odemocrata","image":{"@type":"ImageObject","inLanguage":"pt-BR","@id":"https:\/\/secure.gravatar.com\/avatar\/09cb6b76eee5612f7cfca9e0089e2f17141d417bd034905eee842945c87fd87f?s=96&d=mm&r=g","url":"https:\/\/secure.gravatar.com\/avatar\/09cb6b76eee5612f7cfca9e0089e2f17141d417bd034905eee842945c87fd87f?s=96&d=mm&r=g","contentUrl":"https:\/\/secure.gravatar.com\/avatar\/09cb6b76eee5612f7cfca9e0089e2f17141d417bd034905eee842945c87fd87f?s=96&d=mm&r=g","caption":"Jornal Odemocrata"},"sameAs":["http:\/\/odemocratagb.com"],"url":"https:\/\/www.odemocratagb.com\/?author=4"}]}},"_links":{"self":[{"href":"https:\/\/www.odemocratagb.com\/index.php?rest_route=\/wp\/v2\/posts\/58812","targetHints":{"allow":["GET"]}}],"collection":[{"href":"https:\/\/www.odemocratagb.com\/index.php?rest_route=\/wp\/v2\/posts"}],"about":[{"href":"https:\/\/www.odemocratagb.com\/index.php?rest_route=\/wp\/v2\/types\/post"}],"author":[{"embeddable":true,"href":"https:\/\/www.odemocratagb.com\/index.php?rest_route=\/wp\/v2\/users\/4"}],"replies":[{"embeddable":true,"href":"https:\/\/www.odemocratagb.com\/index.php?rest_route=%2Fwp%2Fv2%2Fcomments&post=58812"}],"version-history":[{"count":1,"href":"https:\/\/www.odemocratagb.com\/index.php?rest_route=\/wp\/v2\/posts\/58812\/revisions"}],"predecessor-version":[{"id":58815,"href":"https:\/\/www.odemocratagb.com\/index.php?rest_route=\/wp\/v2\/posts\/58812\/revisions\/58815"}],"wp:featuredmedia":[{"embeddable":true,"href":"https:\/\/www.odemocratagb.com\/index.php?rest_route=\/wp\/v2\/media\/58813"}],"wp:attachment":[{"href":"https:\/\/www.odemocratagb.com\/index.php?rest_route=%2Fwp%2Fv2%2Fmedia&parent=58812"}],"wp:term":[{"taxonomy":"category","embeddable":true,"href":"https:\/\/www.odemocratagb.com\/index.php?rest_route=%2Fwp%2Fv2%2Fcategories&post=58812"},{"taxonomy":"post_tag","embeddable":true,"href":"https:\/\/www.odemocratagb.com\/index.php?rest_route=%2Fwp%2Fv2%2Ftags&post=58812"}],"curies":[{"name":"wp","href":"https:\/\/api.w.org\/{rel}","templated":true}]}}