{"id":58840,"date":"2026-08-31T07:37:47","date_gmt":"2026-08-31T07:37:47","guid":{"rendered":"https:\/\/www.odemocratagb.com\/?p=58840"},"modified":"2026-08-31T07:37:50","modified_gmt":"2026-08-31T07:37:50","slug":"pai-terra-ranka-e-api-dizem-que-referendo-fracassou-e-acusam-processo-de-falta-de-legitimidade","status":"publish","type":"post","link":"https:\/\/www.odemocratagb.com\/?p=58840","title":{"rendered":"PAI-Terra Ranka e API dizem que referendo fracassou e acusam processo de falta de legitimidade"},"content":{"rendered":"\n<p class=\"wp-block-paragraph\">A Plataforma da Alian\u00e7a Inclusiva Terra Ranka (PAI-TR) e a Alian\u00e7a Patri\u00f3tica Inclusiva Cabaz Garandi (API-CG) classificaram o referendo realizado em 30 de agosto de 2026 como um fracasso e apelaram \u00e0 abertura de um di\u00e1logo inclusivo para a normaliza\u00e7\u00e3o da ordem constitucional.<\/p>\n\n\n\n<p class=\"wp-block-paragraph\">Num comunicado conjunto consultado por O Democrata, assinado por Ant\u00f3nio Samba Bald\u00e9, da PAI-TR, e Jorge Fernandes, da API-CG, as duas plataformas afirmam que o referendo foi convocado \u00e0 revelia da vontade popular e em viola\u00e7\u00e3o dos princ\u00edpios democr\u00e1ticos. Segundo o documento, o processo constituiu uma tentativa de conferir uma apar\u00eancia de legitimidade \u00e0 nova Constitui\u00e7\u00e3o aprovada pelo Conselho Nacional de Transi\u00e7\u00e3o.<\/p>\n\n\n\n<p class=\"wp-block-paragraph\">A PAI-TR e a API-CG recordam que defenderam o boicote \u00e0 consulta popular devido \u00e0 falta de legitimidade das autoridades que a convocaram, \u00e0s restri\u00e7\u00f5es impostas \u00e0s liberdades p\u00fablicas, ao afastamento dos partidos pol\u00edticos e das organiza\u00e7\u00f5es da sociedade civil, \u00e0 impossibilidade de uma fiscaliza\u00e7\u00e3o independente e \u00e0 falta de transpar\u00eancia do processo.<\/p>\n\n\n\n<p class=\"wp-block-paragraph\">As duas plataformas sustentam que, em todas as regi\u00f5es do pa\u00eds, foi vis\u00edvel a reduzida aflu\u00eancia \u00e0s assembleias de voto, considerando que o n\u00edvel de participa\u00e7\u00e3o foi insignificante.<\/p>\n\n\n\n<p class=\"wp-block-paragraph\">De acordo com o comunicado, o boicote deve ser entendido como uma manifesta\u00e7\u00e3o de consci\u00eancia c\u00edvica e pol\u00edtica e como uma mensagem clara de que as decis\u00f5es sobre o futuro da Guin\u00e9-Bissau n\u00e3o podem ser impostas por um grupo restrito, nem legitimadas atrav\u00e9s de um processo unilateral, sem a participa\u00e7\u00e3o das for\u00e7as pol\u00edticas e sociais e sem um consenso alcan\u00e7ado por meio de um di\u00e1logo inclusivo.<\/p>\n\n\n\n<p class=\"wp-block-paragraph\">A PAI-TR e a API-CG retiram tr\u00eas conclus\u00f5es do processo. A primeira \u00e9 que a baixa participa\u00e7\u00e3o constitui uma express\u00e3o de rejei\u00e7\u00e3o das altera\u00e7\u00f5es constitucionais que o regime pretende implementar. A segunda \u00e9 que a Constitui\u00e7\u00e3o e as regras democr\u00e1ticas devem resultar de um entendimento nacional e n\u00e3o da imposi\u00e7\u00e3o de uma vontade unilateral. A terceira \u00e9 que o Alto Comando Militar, o Conselho Nacional de Transi\u00e7\u00e3o, o Governo de Transi\u00e7\u00e3o, o Supremo Tribunal de Justi\u00e7a e o Tribunal Militar Superior devem retirar li\u00e7\u00f5es deste processo e abandonar iniciativas que, segundo as plataformas, est\u00e3o condenadas ao fracasso.<\/p>\n\n\n\n<p class=\"wp-block-paragraph\">As duas organiza\u00e7\u00f5es afirmam ainda que n\u00e3o reconhecem legitimidade a um processo unilateral e desprovido das condi\u00e7\u00f5es pol\u00edticas necess\u00e1rias para a constru\u00e7\u00e3o de um consenso nacional. Acrescentam que uma eventual imposi\u00e7\u00e3o da nova Constitui\u00e7\u00e3o \u00e0 maioria da popula\u00e7\u00e3o que a rejeitou poder\u00e1 agravar a crise pol\u00edtica e institucional no pa\u00eds.<\/p>\n\n\n\n<p class=\"wp-block-paragraph\">No comunicado, apelam a todos os atores nacionais para que coloquem os interesses superiores da na\u00e7\u00e3o acima dos interesses pol\u00edticos imediatos, defendendo que nenhum projeto pol\u00edtico ser\u00e1 sustent\u00e1vel se n\u00e3o for capaz de promover a unidade nacional.<\/p>\n\n\n\n<p class=\"wp-block-paragraph\">&#8220;\u00c9 urgente travar a deriva autorit\u00e1ria e abrir uma nova oportunidade ao di\u00e1logo pol\u00edtico inclusivo, capaz de reunir todas as for\u00e7as pol\u00edticas e sociais relevantes e conduzir, com garantias rec\u00edprocas, \u00e0 restaura\u00e7\u00e3o da confian\u00e7a entre os guineenses e \u00e0 normaliza\u00e7\u00e3o da ordem constitucional&#8221;, concluem.<\/p>\n\n\n\n<p class=\"wp-block-paragraph\"><\/p>\n\n\n\n<p class=\"wp-block-paragraph\"><\/p>\n\n\n\n<p class=\"wp-block-paragraph\"><\/p>\n\n\n\n<p class=\"wp-block-paragraph\"><strong>Por Reda\u00e7\u00e3o<\/strong><\/p>\n","protected":false},"excerpt":{"rendered":"<p>A Plataforma da Alian\u00e7a Inclusiva Terra Ranka (PAI-TR) e a Alian\u00e7a Patri\u00f3tica Inclusiva Cabaz Garandi (API-CG) classificaram o referendo realizado&#8230;<\/p>\n","protected":false},"author":4,"featured_media":58807,"comment_status":"open","ping_status":"open","sticky":false,"template":"","format":"standard","meta":{"footnotes":""},"categories":[6],"tags":[],"class_list":["post-58840","post","type-post","status-publish","format-standard","has-post-thumbnail","hentry","category-inicio","wpcat-6-id"],"yoast_head":"<!-- This site is optimized with the Yoast SEO plugin v27.5 - https:\/\/yoast.com\/product\/yoast-seo-wordpress\/ -->\n<title>PAI-Terra Ranka e API dizem que referendo fracassou e acusam processo de falta de legitimidade - O Democrata GB<\/title>\n<meta name=\"robots\" content=\"index, follow, max-snippet:-1, max-image-preview:large, max-video-preview:-1\" \/>\n<link rel=\"canonical\" href=\"https:\/\/www.odemocratagb.com\/?p=58840\" \/>\n<meta property=\"og:locale\" content=\"pt_BR\" \/>\n<meta property=\"og:type\" content=\"article\" \/>\n<meta property=\"og:title\" content=\"PAI-Terra Ranka e API dizem que referendo fracassou e acusam processo de falta de legitimidade - O Democrata GB\" \/>\n<meta property=\"og:description\" content=\"A Plataforma da Alian\u00e7a Inclusiva Terra Ranka (PAI-TR) e a Alian\u00e7a Patri\u00f3tica Inclusiva Cabaz Garandi (API-CG) classificaram o referendo realizado...\" \/>\n<meta property=\"og:url\" content=\"https:\/\/www.odemocratagb.com\/?p=58840\" \/>\n<meta property=\"og:site_name\" content=\"O Democrata GB\" \/>\n<meta property=\"article:publisher\" content=\"https:\/\/www.facebook.com\/jornaldaguinebissau\" \/>\n<meta property=\"article:published_time\" content=\"2026-08-31T07:37:47+00:00\" \/>\n<meta property=\"article:modified_time\" content=\"2026-08-31T07:37:50+00:00\" \/>\n<meta property=\"og:image\" content=\"https:\/\/www.odemocratagb.com\/wp-content\/uploads\/2026\/08\/IMG_3163-scaled.jpeg\" \/>\n\t<meta property=\"og:image:width\" content=\"1920\" \/>\n\t<meta property=\"og:image:height\" content=\"2560\" \/>\n\t<meta property=\"og:image:type\" content=\"image\/jpeg\" \/>\n<meta name=\"author\" content=\"Jornal Odemocrata\" \/>\n<meta name=\"twitter:card\" content=\"summary_large_image\" \/>\n<meta name=\"twitter:label1\" content=\"Escrito por\" \/>\n\t<meta name=\"twitter:data1\" content=\"Jornal Odemocrata\" \/>\n\t<meta name=\"twitter:label2\" content=\"Est. tempo de leitura\" \/>\n\t<meta name=\"twitter:data2\" content=\"3 minutos\" \/>\n<script type=\"application\/ld+json\" class=\"yoast-schema-graph\">{\"@context\":\"https:\\\/\\\/schema.org\",\"@graph\":[{\"@type\":\"Article\",\"@id\":\"https:\\\/\\\/www.odemocratagb.com\\\/?p=58840#article\",\"isPartOf\":{\"@id\":\"https:\\\/\\\/www.odemocratagb.com\\\/?p=58840\"},\"author\":{\"name\":\"Jornal Odemocrata\",\"@id\":\"https:\\\/\\\/www.odemocratagb.com\\\/#\\\/schema\\\/person\\\/c5e683adeaf9b557e57cf1a8a591b0c0\"},\"headline\":\"PAI-Terra Ranka e API dizem que referendo fracassou e acusam processo de falta de legitimidade\",\"datePublished\":\"2026-08-31T07:37:47+00:00\",\"dateModified\":\"2026-08-31T07:37:50+00:00\",\"mainEntityOfPage\":{\"@id\":\"https:\\\/\\\/www.odemocratagb.com\\\/?p=58840\"},\"wordCount\":559,\"commentCount\":0,\"publisher\":{\"@id\":\"https:\\\/\\\/www.odemocratagb.com\\\/#organization\"},\"image\":{\"@id\":\"https:\\\/\\\/www.odemocratagb.com\\\/?p=58840#primaryimage\"},\"thumbnailUrl\":\"https:\\\/\\\/www.odemocratagb.com\\\/wp-content\\\/uploads\\\/2026\\\/08\\\/IMG_3163-scaled.jpeg\",\"articleSection\":[\"Atualidade\"],\"inLanguage\":\"pt-BR\",\"potentialAction\":[{\"@type\":\"CommentAction\",\"name\":\"Comment\",\"target\":[\"https:\\\/\\\/www.odemocratagb.com\\\/?p=58840#respond\"]}]},{\"@type\":\"WebPage\",\"@id\":\"https:\\\/\\\/www.odemocratagb.com\\\/?p=58840\",\"url\":\"https:\\\/\\\/www.odemocratagb.com\\\/?p=58840\",\"name\":\"PAI-Terra Ranka e API dizem que referendo fracassou e acusam processo de falta de legitimidade - O Democrata GB\",\"isPartOf\":{\"@id\":\"https:\\\/\\\/www.odemocratagb.com\\\/#website\"},\"primaryImageOfPage\":{\"@id\":\"https:\\\/\\\/www.odemocratagb.com\\\/?p=58840#primaryimage\"},\"image\":{\"@id\":\"https:\\\/\\\/www.odemocratagb.com\\\/?p=58840#primaryimage\"},\"thumbnailUrl\":\"https:\\\/\\\/www.odemocratagb.com\\\/wp-content\\\/uploads\\\/2026\\\/08\\\/IMG_3163-scaled.jpeg\",\"datePublished\":\"2026-08-31T07:37:47+00:00\",\"dateModified\":\"2026-08-31T07:37:50+00:00\",\"breadcrumb\":{\"@id\":\"https:\\\/\\\/www.odemocratagb.com\\\/?p=58840#breadcrumb\"},\"inLanguage\":\"pt-BR\",\"potentialAction\":[{\"@type\":\"ReadAction\",\"target\":[\"https:\\\/\\\/www.odemocratagb.com\\\/?p=58840\"]}]},{\"@type\":\"ImageObject\",\"inLanguage\":\"pt-BR\",\"@id\":\"https:\\\/\\\/www.odemocratagb.com\\\/?p=58840#primaryimage\",\"url\":\"https:\\\/\\\/www.odemocratagb.com\\\/wp-content\\\/uploads\\\/2026\\\/08\\\/IMG_3163-scaled.jpeg\",\"contentUrl\":\"https:\\\/\\\/www.odemocratagb.com\\\/wp-content\\\/uploads\\\/2026\\\/08\\\/IMG_3163-scaled.jpeg\",\"width\":1920,\"height\":2560},{\"@type\":\"BreadcrumbList\",\"@id\":\"https:\\\/\\\/www.odemocratagb.com\\\/?p=58840#breadcrumb\",\"itemListElement\":[{\"@type\":\"ListItem\",\"position\":1,\"name\":\"In\u00edcio\",\"item\":\"https:\\\/\\\/www.odemocratagb.com\\\/\"},{\"@type\":\"ListItem\",\"position\":2,\"name\":\"PAI-Terra Ranka e API dizem que referendo fracassou e acusam processo de falta de legitimidade\"}]},{\"@type\":\"WebSite\",\"@id\":\"https:\\\/\\\/www.odemocratagb.com\\\/#website\",\"url\":\"https:\\\/\\\/www.odemocratagb.com\\\/\",\"name\":\"O Democrata GB\",\"description\":\"Jornal O Democrata GB\",\"publisher\":{\"@id\":\"https:\\\/\\\/www.odemocratagb.com\\\/#organization\"},\"potentialAction\":[{\"@type\":\"SearchAction\",\"target\":{\"@type\":\"EntryPoint\",\"urlTemplate\":\"https:\\\/\\\/www.odemocratagb.com\\\/?s={search_term_string}\"},\"query-input\":{\"@type\":\"PropertyValueSpecification\",\"valueRequired\":true,\"valueName\":\"search_term_string\"}}],\"inLanguage\":\"pt-BR\"},{\"@type\":\"Organization\",\"@id\":\"https:\\\/\\\/www.odemocratagb.com\\\/#organization\",\"name\":\"O Democrata GB\",\"url\":\"https:\\\/\\\/www.odemocratagb.com\\\/\",\"logo\":{\"@type\":\"ImageObject\",\"inLanguage\":\"pt-BR\",\"@id\":\"https:\\\/\\\/www.odemocratagb.com\\\/#\\\/schema\\\/logo\\\/image\\\/\",\"url\":\"https:\\\/\\\/www.odemocratagb.com\\\/wp-content\\\/uploads\\\/2026\\\/04\\\/logo-odemocratagb.png\",\"contentUrl\":\"https:\\\/\\\/www.odemocratagb.com\\\/wp-content\\\/uploads\\\/2026\\\/04\\\/logo-odemocratagb.png\",\"width\":1250,\"height\":327,\"caption\":\"O Democrata GB\"},\"image\":{\"@id\":\"https:\\\/\\\/www.odemocratagb.com\\\/#\\\/schema\\\/logo\\\/image\\\/\"},\"sameAs\":[\"https:\\\/\\\/www.facebook.com\\\/jornaldaguinebissau\",\"https:\\\/\\\/www.instagram.com\\\/odemocratagb\"]},{\"@type\":\"Person\",\"@id\":\"https:\\\/\\\/www.odemocratagb.com\\\/#\\\/schema\\\/person\\\/c5e683adeaf9b557e57cf1a8a591b0c0\",\"name\":\"Jornal Odemocrata\",\"image\":{\"@type\":\"ImageObject\",\"inLanguage\":\"pt-BR\",\"@id\":\"https:\\\/\\\/secure.gravatar.com\\\/avatar\\\/09cb6b76eee5612f7cfca9e0089e2f17141d417bd034905eee842945c87fd87f?s=96&d=mm&r=g\",\"url\":\"https:\\\/\\\/secure.gravatar.com\\\/avatar\\\/09cb6b76eee5612f7cfca9e0089e2f17141d417bd034905eee842945c87fd87f?s=96&d=mm&r=g\",\"contentUrl\":\"https:\\\/\\\/secure.gravatar.com\\\/avatar\\\/09cb6b76eee5612f7cfca9e0089e2f17141d417bd034905eee842945c87fd87f?s=96&d=mm&r=g\",\"caption\":\"Jornal Odemocrata\"},\"sameAs\":[\"http:\\\/\\\/odemocratagb.com\"],\"url\":\"https:\\\/\\\/www.odemocratagb.com\\\/?author=4\"}]}<\/script>\n<!-- \/ Yoast SEO plugin. -->","yoast_head_json":{"title":"PAI-Terra Ranka e API dizem que referendo fracassou e acusam processo de falta de legitimidade - O Democrata GB","robots":{"index":"index","follow":"follow","max-snippet":"max-snippet:-1","max-image-preview":"max-image-preview:large","max-video-preview":"max-video-preview:-1"},"canonical":"https:\/\/www.odemocratagb.com\/?p=58840","og_locale":"pt_BR","og_type":"article","og_title":"PAI-Terra Ranka e API dizem que referendo fracassou e acusam processo de falta de legitimidade - O Democrata GB","og_description":"A Plataforma da Alian\u00e7a Inclusiva Terra Ranka (PAI-TR) e a Alian\u00e7a Patri\u00f3tica Inclusiva Cabaz Garandi (API-CG) classificaram o referendo realizado...","og_url":"https:\/\/www.odemocratagb.com\/?p=58840","og_site_name":"O Democrata GB","article_publisher":"https:\/\/www.facebook.com\/jornaldaguinebissau","article_published_time":"2026-08-31T07:37:47+00:00","article_modified_time":"2026-08-31T07:37:50+00:00","og_image":[{"width":1920,"height":2560,"url":"https:\/\/www.odemocratagb.com\/wp-content\/uploads\/2026\/08\/IMG_3163-scaled.jpeg","type":"image\/jpeg"}],"author":"Jornal Odemocrata","twitter_card":"summary_large_image","twitter_misc":{"Escrito por":"Jornal Odemocrata","Est. tempo de leitura":"3 minutos"},"schema":{"@context":"https:\/\/schema.org","@graph":[{"@type":"Article","@id":"https:\/\/www.odemocratagb.com\/?p=58840#article","isPartOf":{"@id":"https:\/\/www.odemocratagb.com\/?p=58840"},"author":{"name":"Jornal Odemocrata","@id":"https:\/\/www.odemocratagb.com\/#\/schema\/person\/c5e683adeaf9b557e57cf1a8a591b0c0"},"headline":"PAI-Terra Ranka e API dizem que referendo fracassou e acusam processo de falta de legitimidade","datePublished":"2026-08-31T07:37:47+00:00","dateModified":"2026-08-31T07:37:50+00:00","mainEntityOfPage":{"@id":"https:\/\/www.odemocratagb.com\/?p=58840"},"wordCount":559,"commentCount":0,"publisher":{"@id":"https:\/\/www.odemocratagb.com\/#organization"},"image":{"@id":"https:\/\/www.odemocratagb.com\/?p=58840#primaryimage"},"thumbnailUrl":"https:\/\/www.odemocratagb.com\/wp-content\/uploads\/2026\/08\/IMG_3163-scaled.jpeg","articleSection":["Atualidade"],"inLanguage":"pt-BR","potentialAction":[{"@type":"CommentAction","name":"Comment","target":["https:\/\/www.odemocratagb.com\/?p=58840#respond"]}]},{"@type":"WebPage","@id":"https:\/\/www.odemocratagb.com\/?p=58840","url":"https:\/\/www.odemocratagb.com\/?p=58840","name":"PAI-Terra Ranka e API dizem que referendo fracassou e acusam processo de falta de legitimidade - O Democrata GB","isPartOf":{"@id":"https:\/\/www.odemocratagb.com\/#website"},"primaryImageOfPage":{"@id":"https:\/\/www.odemocratagb.com\/?p=58840#primaryimage"},"image":{"@id":"https:\/\/www.odemocratagb.com\/?p=58840#primaryimage"},"thumbnailUrl":"https:\/\/www.odemocratagb.com\/wp-content\/uploads\/2026\/08\/IMG_3163-scaled.jpeg","datePublished":"2026-08-31T07:37:47+00:00","dateModified":"2026-08-31T07:37:50+00:00","breadcrumb":{"@id":"https:\/\/www.odemocratagb.com\/?p=58840#breadcrumb"},"inLanguage":"pt-BR","potentialAction":[{"@type":"ReadAction","target":["https:\/\/www.odemocratagb.com\/?p=58840"]}]},{"@type":"ImageObject","inLanguage":"pt-BR","@id":"https:\/\/www.odemocratagb.com\/?p=58840#primaryimage","url":"https:\/\/www.odemocratagb.com\/wp-content\/uploads\/2026\/08\/IMG_3163-scaled.jpeg","contentUrl":"https:\/\/www.odemocratagb.com\/wp-content\/uploads\/2026\/08\/IMG_3163-scaled.jpeg","width":1920,"height":2560},{"@type":"BreadcrumbList","@id":"https:\/\/www.odemocratagb.com\/?p=58840#breadcrumb","itemListElement":[{"@type":"ListItem","position":1,"name":"In\u00edcio","item":"https:\/\/www.odemocratagb.com\/"},{"@type":"ListItem","position":2,"name":"PAI-Terra Ranka e API dizem que referendo fracassou e acusam processo de falta de legitimidade"}]},{"@type":"WebSite","@id":"https:\/\/www.odemocratagb.com\/#website","url":"https:\/\/www.odemocratagb.com\/","name":"O Democrata GB","description":"Jornal O Democrata GB","publisher":{"@id":"https:\/\/www.odemocratagb.com\/#organization"},"potentialAction":[{"@type":"SearchAction","target":{"@type":"EntryPoint","urlTemplate":"https:\/\/www.odemocratagb.com\/?s={search_term_string}"},"query-input":{"@type":"PropertyValueSpecification","valueRequired":true,"valueName":"search_term_string"}}],"inLanguage":"pt-BR"},{"@type":"Organization","@id":"https:\/\/www.odemocratagb.com\/#organization","name":"O Democrata GB","url":"https:\/\/www.odemocratagb.com\/","logo":{"@type":"ImageObject","inLanguage":"pt-BR","@id":"https:\/\/www.odemocratagb.com\/#\/schema\/logo\/image\/","url":"https:\/\/www.odemocratagb.com\/wp-content\/uploads\/2026\/04\/logo-odemocratagb.png","contentUrl":"https:\/\/www.odemocratagb.com\/wp-content\/uploads\/2026\/04\/logo-odemocratagb.png","width":1250,"height":327,"caption":"O Democrata GB"},"image":{"@id":"https:\/\/www.odemocratagb.com\/#\/schema\/logo\/image\/"},"sameAs":["https:\/\/www.facebook.com\/jornaldaguinebissau","https:\/\/www.instagram.com\/odemocratagb"]},{"@type":"Person","@id":"https:\/\/www.odemocratagb.com\/#\/schema\/person\/c5e683adeaf9b557e57cf1a8a591b0c0","name":"Jornal Odemocrata","image":{"@type":"ImageObject","inLanguage":"pt-BR","@id":"https:\/\/secure.gravatar.com\/avatar\/09cb6b76eee5612f7cfca9e0089e2f17141d417bd034905eee842945c87fd87f?s=96&d=mm&r=g","url":"https:\/\/secure.gravatar.com\/avatar\/09cb6b76eee5612f7cfca9e0089e2f17141d417bd034905eee842945c87fd87f?s=96&d=mm&r=g","contentUrl":"https:\/\/secure.gravatar.com\/avatar\/09cb6b76eee5612f7cfca9e0089e2f17141d417bd034905eee842945c87fd87f?s=96&d=mm&r=g","caption":"Jornal Odemocrata"},"sameAs":["http:\/\/odemocratagb.com"],"url":"https:\/\/www.odemocratagb.com\/?author=4"}]}},"_links":{"self":[{"href":"https:\/\/www.odemocratagb.com\/index.php?rest_route=\/wp\/v2\/posts\/58840","targetHints":{"allow":["GET"]}}],"collection":[{"href":"https:\/\/www.odemocratagb.com\/index.php?rest_route=\/wp\/v2\/posts"}],"about":[{"href":"https:\/\/www.odemocratagb.com\/index.php?rest_route=\/wp\/v2\/types\/post"}],"author":[{"embeddable":true,"href":"https:\/\/www.odemocratagb.com\/index.php?rest_route=\/wp\/v2\/users\/4"}],"replies":[{"embeddable":true,"href":"https:\/\/www.odemocratagb.com\/index.php?rest_route=%2Fwp%2Fv2%2Fcomments&post=58840"}],"version-history":[{"count":1,"href":"https:\/\/www.odemocratagb.com\/index.php?rest_route=\/wp\/v2\/posts\/58840\/revisions"}],"predecessor-version":[{"id":58841,"href":"https:\/\/www.odemocratagb.com\/index.php?rest_route=\/wp\/v2\/posts\/58840\/revisions\/58841"}],"wp:featuredmedia":[{"embeddable":true,"href":"https:\/\/www.odemocratagb.com\/index.php?rest_route=\/wp\/v2\/media\/58807"}],"wp:attachment":[{"href":"https:\/\/www.odemocratagb.com\/index.php?rest_route=%2Fwp%2Fv2%2Fmedia&parent=58840"}],"wp:term":[{"taxonomy":"category","embeddable":true,"href":"https:\/\/www.odemocratagb.com\/index.php?rest_route=%2Fwp%2Fv2%2Fcategories&post=58840"},{"taxonomy":"post_tag","embeddable":true,"href":"https:\/\/www.odemocratagb.com\/index.php?rest_route=%2Fwp%2Fv2%2Ftags&post=58840"}],"curies":[{"name":"wp","href":"https:\/\/api.w.org\/{rel}","templated":true}]}}