{"id":58842,"date":"2026-08-31T14:24:51","date_gmt":"2026-08-31T14:24:51","guid":{"rendered":"https:\/\/www.odemocratagb.com\/?p=58842"},"modified":"2026-08-31T14:36:11","modified_gmt":"2026-08-31T14:36:11","slug":"conselho-de-transicao-rebate-oposicao-e-anuncia-vitoria-do-sim-no-referendo-constitucional","status":"publish","type":"post","link":"https:\/\/www.odemocratagb.com\/?p=58842","title":{"rendered":"Conselho de Transi\u00e7\u00e3o rebate oposi\u00e7\u00e3o e anuncia vit\u00f3ria do &#8220;Sim&#8221; no referendo constitucional"},"content":{"rendered":"\n<p class=\"wp-block-paragraph\">O Conselho Nacional de Transi\u00e7\u00e3o (CNT) anunciou que a vit\u00f3ria do voto &#8220;Sim&#8221; no referendo constitucional realizado no domingo est\u00e1 garantida e contestou as alega\u00e7\u00f5es da oposi\u00e7\u00e3o sobre uma suposta baixa participa\u00e7\u00e3o eleitoral. O Partido Africano da Independ\u00eancia da Guin\u00e9 e Cabo Verde (PAIGC) sustenta que menos de 20% dos eleitores participaram na consulta popular.<\/p>\n\n\n\n<p class=\"wp-block-paragraph\">O an\u00fancio foi feito esta segunda-feira, 31 de agosto de 2026, por Rui Alberto Pinto Pereira, vice-presidente da Comiss\u00e3o T\u00e9cnica para o Referendo, durante um pronunciamento sobre o processo referend\u00e1rio.<\/p>\n\n\n\n<p class=\"wp-block-paragraph\">As declara\u00e7\u00f5es de Rui Alberto Pinto Pereira surgem depois de a Plataforma da Alian\u00e7a Inclusiva Terra Ranka (PAI-TR) e a Alian\u00e7a Patri\u00f3tica Inclusiva Cabaz Garandi (API-CG) terem classificado o referendo de 30 de agosto como um fracasso e defendido a abertura de um di\u00e1logo inclusivo para a normaliza\u00e7\u00e3o da ordem constitucional.&nbsp;<\/p>\n\n\n\n<p class=\"wp-block-paragraph\">Num comunicado conjunto, consultado por O Democrata, as duas plataformas alegaram que a consulta popular foi realizada \u00e0 revelia da vontade popular e em viola\u00e7\u00e3o dos princ\u00edpios democr\u00e1ticos, sustentando que o processo visou conferir uma apar\u00eancia de legitimidade \u00e0 nova Constitui\u00e7\u00e3o aprovada pelo Conselho Nacional de Transi\u00e7\u00e3o.&nbsp;<\/p>\n\n\n\n<p class=\"wp-block-paragraph\">Em resposta, o vice-presidente da Comiss\u00e3o T\u00e9cnica para o Referendo rejeitou essas cr\u00edticas e acusou parte da oposi\u00e7\u00e3o de privilegiar o debate sobre a legitimidade do processo em detrimento da discuss\u00e3o do conte\u00fado da nova Lei Fundamental.<\/p>\n\n\n\n<p class=\"wp-block-paragraph\">Segundo o vice-presidente da Comiss\u00e3o T\u00e9cnica para o Referendo, essa estrat\u00e9gia foi um erro, uma vez que levou militantes e simpatizantes da oposi\u00e7\u00e3o a debaterem mais a legitimidade das entidades respons\u00e1veis pela elabora\u00e7\u00e3o, organiza\u00e7\u00e3o e realiza\u00e7\u00e3o do referendo do que o texto constitucional propriamente dito.<\/p>\n\n\n\n<p class=\"wp-block-paragraph\">&#8220;O primeiro e maior constrangimento pol\u00edtico que antecedeu este referendo foi muito claro: discutiu-se mais a legitimidade do processo do que a Constitui\u00e7\u00e3o&#8221;, afirmou.<\/p>\n\n\n\n<p class=\"wp-block-paragraph\">Para Rui Alberto Pinto Pereira, o debate nacional deveria ter incidido sobre o conte\u00fado da proposta constitucional, esclarecendo as altera\u00e7\u00f5es introduzidas em rela\u00e7\u00e3o \u00e0 Constitui\u00e7\u00e3o anterior e promovendo uma discuss\u00e3o aprofundada sobre o papel do Presidente da Rep\u00fablica, as compet\u00eancias do Governo, as fun\u00e7\u00f5es da Assembleia Nacional Popular, a independ\u00eancia da justi\u00e7a, os direitos fundamentais, as autarquias, a organiza\u00e7\u00e3o territorial, o sistema eleitoral e outras reformas previstas.<\/p>\n\n\n\n<p class=\"wp-block-paragraph\">&#8220;Quem discordava deveria ter mostrado aos cidad\u00e3os os artigos de que discordava, explicado as raz\u00f5es da diverg\u00eancia e apresentado alternativas. Esse seria o verdadeiro confronto democr\u00e1tico. No entanto, demasiadas vezes, o debate sobre a Constitui\u00e7\u00e3o foi substitu\u00eddo pela discuss\u00e3o sobre a legitimidade de quem conduzia o processo&#8221;, criticou.<\/p>\n\n\n\n<p class=\"wp-block-paragraph\">O respons\u00e1vel defendeu ainda que os apelos ao boicote n\u00e3o tiveram reflexos decisivos nos resultados da vota\u00e7\u00e3o e reiterou que a vit\u00f3ria do voto &#8220;Sim&#8221; est\u00e1 assegurada.<\/p>\n\n\n\n<p class=\"wp-block-paragraph\">&#8220;Algumas for\u00e7as apelaram ao voto &#8216;N\u00e3o&#8217; e outras ao boicote, recomendando aos cidad\u00e3os que n\u00e3o comparecessem \u00e0s urnas. Essas posi\u00e7\u00f5es n\u00e3o devem ser confundidas. Quem apelou ao &#8216;N\u00e3o&#8217; participou no referendo e procurou derrotar a proposta constitucional atrav\u00e9s das urnas. Essa posi\u00e7\u00e3o \u00e9 leg\u00edtima e merece respeito. Participar democraticamente significa tamb\u00e9m aceitar a possibilidade de perder democraticamente&#8221;, sublinhou.<\/p>\n\n\n\n<p class=\"wp-block-paragraph\">Relativamente \u00e0s cr\u00edticas sobre a exclus\u00e3o dos partidos pol\u00edticos do processo e \u00e0 legitimidade do CNT para organizar o referendo, Rui Alberto Pinto Pereira questionou a coer\u00eancia das posi\u00e7\u00f5es da oposi\u00e7\u00e3o.<\/p>\n\n\n\n<p class=\"wp-block-paragraph\">&#8220;Se o Conselho Nacional de Transi\u00e7\u00e3o n\u00e3o tem legitimidade para conduzir o pa\u00eds ao referendo de 30 de agosto, como poder\u00e1 ter legitimidade para conduzir o pa\u00eds \u00e0s elei\u00e7\u00f5es simult\u00e2neas de&nbsp;6 de dezembro? \u00c9 o mesmo CNT, s\u00e3o as mesmas institui\u00e7\u00f5es da transi\u00e7\u00e3o e o mesmo quadro pol\u00edtico e institucional. N\u00e3o podemos ter uma legitimidade de geometria vari\u00e1vel&#8221;, declarou.<\/p>\n\n\n\n<p class=\"wp-block-paragraph\">Apesar de ainda n\u00e3o ter divulgado os resultados definitivos, a Comiss\u00e3o Nacional de Elei\u00e7\u00f5es (CNE) anunciou que a taxa de participa\u00e7\u00e3o pode situar-se acima de 55% no processo de vota\u00e7\u00e3o, de acordo com dados preliminares recolhidos no terreno.<\/p>\n\n\n\n<p class=\"wp-block-paragraph\">Segundo o secret\u00e1rio-executivo adjunto da CNE, Idri\u00e7a Djal\u00f3, durante o processo de vota\u00e7\u00e3o, n\u00e3o foi registado qualquer incidente e que a aflu\u00eancia de eleitores se mostrou significativa em algumas regi\u00f5es e moderada noutras zonas do pa\u00eds.<\/p>\n\n\n\n<p class=\"wp-block-paragraph\"><\/p>\n\n\n\n<p class=\"wp-block-paragraph\"><\/p>\n\n\n\n<p class=\"wp-block-paragraph\"><\/p>\n\n\n\n<p class=\"wp-block-paragraph\"><\/p>\n\n\n\n<p class=\"wp-block-paragraph\">Por: Filomeno Samb\u00fa<\/p>\n","protected":false},"excerpt":{"rendered":"<p>O Conselho Nacional de Transi\u00e7\u00e3o (CNT) anunciou que a vit\u00f3ria do voto &#8220;Sim&#8221; no referendo constitucional realizado no domingo est\u00e1&#8230;<\/p>\n","protected":false},"author":4,"featured_media":58843,"comment_status":"open","ping_status":"open","sticky":false,"template":"","format":"standard","meta":{"footnotes":""},"categories":[6,7],"tags":[],"class_list":["post-58842","post","type-post","status-publish","format-standard","has-post-thumbnail","hentry","category-inicio","category-politica","wpcat-6-id","wpcat-7-id"],"yoast_head":"<!-- This site is optimized with the Yoast SEO plugin v27.5 - https:\/\/yoast.com\/product\/yoast-seo-wordpress\/ -->\n<title>Conselho de Transi\u00e7\u00e3o rebate oposi\u00e7\u00e3o e anuncia vit\u00f3ria do &quot;Sim&quot; no referendo constitucional - O Democrata GB<\/title>\n<meta name=\"robots\" content=\"index, follow, max-snippet:-1, max-image-preview:large, max-video-preview:-1\" \/>\n<link rel=\"canonical\" href=\"https:\/\/www.odemocratagb.com\/?p=58842\" \/>\n<meta property=\"og:locale\" content=\"pt_BR\" \/>\n<meta property=\"og:type\" content=\"article\" \/>\n<meta property=\"og:title\" content=\"Conselho de Transi\u00e7\u00e3o rebate oposi\u00e7\u00e3o e anuncia vit\u00f3ria do &quot;Sim&quot; no referendo constitucional - O Democrata GB\" \/>\n<meta property=\"og:description\" content=\"O Conselho Nacional de Transi\u00e7\u00e3o (CNT) anunciou que a vit\u00f3ria do voto &#8220;Sim&#8221; no referendo constitucional realizado no domingo est\u00e1...\" \/>\n<meta property=\"og:url\" content=\"https:\/\/www.odemocratagb.com\/?p=58842\" \/>\n<meta property=\"og:site_name\" content=\"O Democrata GB\" \/>\n<meta property=\"article:publisher\" content=\"https:\/\/www.facebook.com\/jornaldaguinebissau\" \/>\n<meta property=\"article:published_time\" content=\"2026-08-31T14:24:51+00:00\" \/>\n<meta property=\"article:modified_time\" content=\"2026-08-31T14:36:11+00:00\" \/>\n<meta property=\"og:image\" content=\"https:\/\/www.odemocratagb.com\/wp-content\/uploads\/2026\/08\/6aae192b-c473-4a96-bd16-c8196c099c6b.jpeg\" \/>\n\t<meta property=\"og:image:width\" content=\"1280\" \/>\n\t<meta property=\"og:image:height\" content=\"960\" \/>\n\t<meta property=\"og:image:type\" content=\"image\/jpeg\" \/>\n<meta name=\"author\" content=\"Jornal Odemocrata\" \/>\n<meta name=\"twitter:card\" content=\"summary_large_image\" \/>\n<meta name=\"twitter:label1\" content=\"Escrito por\" \/>\n\t<meta name=\"twitter:data1\" content=\"Jornal Odemocrata\" \/>\n\t<meta name=\"twitter:label2\" content=\"Est. tempo de leitura\" \/>\n\t<meta name=\"twitter:data2\" content=\"4 minutos\" \/>\n<script type=\"application\/ld+json\" class=\"yoast-schema-graph\">{\"@context\":\"https:\\\/\\\/schema.org\",\"@graph\":[{\"@type\":\"Article\",\"@id\":\"https:\\\/\\\/www.odemocratagb.com\\\/?p=58842#article\",\"isPartOf\":{\"@id\":\"https:\\\/\\\/www.odemocratagb.com\\\/?p=58842\"},\"author\":{\"name\":\"Jornal Odemocrata\",\"@id\":\"https:\\\/\\\/www.odemocratagb.com\\\/#\\\/schema\\\/person\\\/c5e683adeaf9b557e57cf1a8a591b0c0\"},\"headline\":\"Conselho de Transi\u00e7\u00e3o rebate oposi\u00e7\u00e3o e anuncia vit\u00f3ria do &#8220;Sim&#8221; no referendo constitucional\",\"datePublished\":\"2026-08-31T14:24:51+00:00\",\"dateModified\":\"2026-08-31T14:36:11+00:00\",\"mainEntityOfPage\":{\"@id\":\"https:\\\/\\\/www.odemocratagb.com\\\/?p=58842\"},\"wordCount\":764,\"commentCount\":0,\"publisher\":{\"@id\":\"https:\\\/\\\/www.odemocratagb.com\\\/#organization\"},\"image\":{\"@id\":\"https:\\\/\\\/www.odemocratagb.com\\\/?p=58842#primaryimage\"},\"thumbnailUrl\":\"https:\\\/\\\/www.odemocratagb.com\\\/wp-content\\\/uploads\\\/2026\\\/08\\\/6aae192b-c473-4a96-bd16-c8196c099c6b.jpeg\",\"articleSection\":[\"Atualidade\",\"Pol\u00edtica\"],\"inLanguage\":\"pt-BR\",\"potentialAction\":[{\"@type\":\"CommentAction\",\"name\":\"Comment\",\"target\":[\"https:\\\/\\\/www.odemocratagb.com\\\/?p=58842#respond\"]}]},{\"@type\":\"WebPage\",\"@id\":\"https:\\\/\\\/www.odemocratagb.com\\\/?p=58842\",\"url\":\"https:\\\/\\\/www.odemocratagb.com\\\/?p=58842\",\"name\":\"Conselho de Transi\u00e7\u00e3o rebate oposi\u00e7\u00e3o e anuncia vit\u00f3ria do \\\"Sim\\\" no referendo constitucional - O Democrata GB\",\"isPartOf\":{\"@id\":\"https:\\\/\\\/www.odemocratagb.com\\\/#website\"},\"primaryImageOfPage\":{\"@id\":\"https:\\\/\\\/www.odemocratagb.com\\\/?p=58842#primaryimage\"},\"image\":{\"@id\":\"https:\\\/\\\/www.odemocratagb.com\\\/?p=58842#primaryimage\"},\"thumbnailUrl\":\"https:\\\/\\\/www.odemocratagb.com\\\/wp-content\\\/uploads\\\/2026\\\/08\\\/6aae192b-c473-4a96-bd16-c8196c099c6b.jpeg\",\"datePublished\":\"2026-08-31T14:24:51+00:00\",\"dateModified\":\"2026-08-31T14:36:11+00:00\",\"breadcrumb\":{\"@id\":\"https:\\\/\\\/www.odemocratagb.com\\\/?p=58842#breadcrumb\"},\"inLanguage\":\"pt-BR\",\"potentialAction\":[{\"@type\":\"ReadAction\",\"target\":[\"https:\\\/\\\/www.odemocratagb.com\\\/?p=58842\"]}]},{\"@type\":\"ImageObject\",\"inLanguage\":\"pt-BR\",\"@id\":\"https:\\\/\\\/www.odemocratagb.com\\\/?p=58842#primaryimage\",\"url\":\"https:\\\/\\\/www.odemocratagb.com\\\/wp-content\\\/uploads\\\/2026\\\/08\\\/6aae192b-c473-4a96-bd16-c8196c099c6b.jpeg\",\"contentUrl\":\"https:\\\/\\\/www.odemocratagb.com\\\/wp-content\\\/uploads\\\/2026\\\/08\\\/6aae192b-c473-4a96-bd16-c8196c099c6b.jpeg\",\"width\":1280,\"height\":960},{\"@type\":\"BreadcrumbList\",\"@id\":\"https:\\\/\\\/www.odemocratagb.com\\\/?p=58842#breadcrumb\",\"itemListElement\":[{\"@type\":\"ListItem\",\"position\":1,\"name\":\"In\u00edcio\",\"item\":\"https:\\\/\\\/www.odemocratagb.com\\\/\"},{\"@type\":\"ListItem\",\"position\":2,\"name\":\"Conselho de Transi\u00e7\u00e3o rebate oposi\u00e7\u00e3o e anuncia vit\u00f3ria do &#8220;Sim&#8221; no referendo constitucional\"}]},{\"@type\":\"WebSite\",\"@id\":\"https:\\\/\\\/www.odemocratagb.com\\\/#website\",\"url\":\"https:\\\/\\\/www.odemocratagb.com\\\/\",\"name\":\"O Democrata GB\",\"description\":\"Jornal O Democrata GB\",\"publisher\":{\"@id\":\"https:\\\/\\\/www.odemocratagb.com\\\/#organization\"},\"potentialAction\":[{\"@type\":\"SearchAction\",\"target\":{\"@type\":\"EntryPoint\",\"urlTemplate\":\"https:\\\/\\\/www.odemocratagb.com\\\/?s={search_term_string}\"},\"query-input\":{\"@type\":\"PropertyValueSpecification\",\"valueRequired\":true,\"valueName\":\"search_term_string\"}}],\"inLanguage\":\"pt-BR\"},{\"@type\":\"Organization\",\"@id\":\"https:\\\/\\\/www.odemocratagb.com\\\/#organization\",\"name\":\"O Democrata GB\",\"url\":\"https:\\\/\\\/www.odemocratagb.com\\\/\",\"logo\":{\"@type\":\"ImageObject\",\"inLanguage\":\"pt-BR\",\"@id\":\"https:\\\/\\\/www.odemocratagb.com\\\/#\\\/schema\\\/logo\\\/image\\\/\",\"url\":\"https:\\\/\\\/www.odemocratagb.com\\\/wp-content\\\/uploads\\\/2026\\\/04\\\/logo-odemocratagb.png\",\"contentUrl\":\"https:\\\/\\\/www.odemocratagb.com\\\/wp-content\\\/uploads\\\/2026\\\/04\\\/logo-odemocratagb.png\",\"width\":1250,\"height\":327,\"caption\":\"O Democrata GB\"},\"image\":{\"@id\":\"https:\\\/\\\/www.odemocratagb.com\\\/#\\\/schema\\\/logo\\\/image\\\/\"},\"sameAs\":[\"https:\\\/\\\/www.facebook.com\\\/jornaldaguinebissau\",\"https:\\\/\\\/www.instagram.com\\\/odemocratagb\"]},{\"@type\":\"Person\",\"@id\":\"https:\\\/\\\/www.odemocratagb.com\\\/#\\\/schema\\\/person\\\/c5e683adeaf9b557e57cf1a8a591b0c0\",\"name\":\"Jornal Odemocrata\",\"image\":{\"@type\":\"ImageObject\",\"inLanguage\":\"pt-BR\",\"@id\":\"https:\\\/\\\/secure.gravatar.com\\\/avatar\\\/09cb6b76eee5612f7cfca9e0089e2f17141d417bd034905eee842945c87fd87f?s=96&d=mm&r=g\",\"url\":\"https:\\\/\\\/secure.gravatar.com\\\/avatar\\\/09cb6b76eee5612f7cfca9e0089e2f17141d417bd034905eee842945c87fd87f?s=96&d=mm&r=g\",\"contentUrl\":\"https:\\\/\\\/secure.gravatar.com\\\/avatar\\\/09cb6b76eee5612f7cfca9e0089e2f17141d417bd034905eee842945c87fd87f?s=96&d=mm&r=g\",\"caption\":\"Jornal Odemocrata\"},\"sameAs\":[\"http:\\\/\\\/odemocratagb.com\"],\"url\":\"https:\\\/\\\/www.odemocratagb.com\\\/?author=4\"}]}<\/script>\n<!-- \/ Yoast SEO plugin. -->","yoast_head_json":{"title":"Conselho de Transi\u00e7\u00e3o rebate oposi\u00e7\u00e3o e anuncia vit\u00f3ria do \"Sim\" no referendo constitucional - O Democrata GB","robots":{"index":"index","follow":"follow","max-snippet":"max-snippet:-1","max-image-preview":"max-image-preview:large","max-video-preview":"max-video-preview:-1"},"canonical":"https:\/\/www.odemocratagb.com\/?p=58842","og_locale":"pt_BR","og_type":"article","og_title":"Conselho de Transi\u00e7\u00e3o rebate oposi\u00e7\u00e3o e anuncia vit\u00f3ria do \"Sim\" no referendo constitucional - O Democrata GB","og_description":"O Conselho Nacional de Transi\u00e7\u00e3o (CNT) anunciou que a vit\u00f3ria do voto &#8220;Sim&#8221; no referendo constitucional realizado no domingo est\u00e1...","og_url":"https:\/\/www.odemocratagb.com\/?p=58842","og_site_name":"O Democrata GB","article_publisher":"https:\/\/www.facebook.com\/jornaldaguinebissau","article_published_time":"2026-08-31T14:24:51+00:00","article_modified_time":"2026-08-31T14:36:11+00:00","og_image":[{"width":1280,"height":960,"url":"https:\/\/www.odemocratagb.com\/wp-content\/uploads\/2026\/08\/6aae192b-c473-4a96-bd16-c8196c099c6b.jpeg","type":"image\/jpeg"}],"author":"Jornal Odemocrata","twitter_card":"summary_large_image","twitter_misc":{"Escrito por":"Jornal Odemocrata","Est. tempo de leitura":"4 minutos"},"schema":{"@context":"https:\/\/schema.org","@graph":[{"@type":"Article","@id":"https:\/\/www.odemocratagb.com\/?p=58842#article","isPartOf":{"@id":"https:\/\/www.odemocratagb.com\/?p=58842"},"author":{"name":"Jornal Odemocrata","@id":"https:\/\/www.odemocratagb.com\/#\/schema\/person\/c5e683adeaf9b557e57cf1a8a591b0c0"},"headline":"Conselho de Transi\u00e7\u00e3o rebate oposi\u00e7\u00e3o e anuncia vit\u00f3ria do &#8220;Sim&#8221; no referendo constitucional","datePublished":"2026-08-31T14:24:51+00:00","dateModified":"2026-08-31T14:36:11+00:00","mainEntityOfPage":{"@id":"https:\/\/www.odemocratagb.com\/?p=58842"},"wordCount":764,"commentCount":0,"publisher":{"@id":"https:\/\/www.odemocratagb.com\/#organization"},"image":{"@id":"https:\/\/www.odemocratagb.com\/?p=58842#primaryimage"},"thumbnailUrl":"https:\/\/www.odemocratagb.com\/wp-content\/uploads\/2026\/08\/6aae192b-c473-4a96-bd16-c8196c099c6b.jpeg","articleSection":["Atualidade","Pol\u00edtica"],"inLanguage":"pt-BR","potentialAction":[{"@type":"CommentAction","name":"Comment","target":["https:\/\/www.odemocratagb.com\/?p=58842#respond"]}]},{"@type":"WebPage","@id":"https:\/\/www.odemocratagb.com\/?p=58842","url":"https:\/\/www.odemocratagb.com\/?p=58842","name":"Conselho de Transi\u00e7\u00e3o rebate oposi\u00e7\u00e3o e anuncia vit\u00f3ria do \"Sim\" no referendo constitucional - O Democrata GB","isPartOf":{"@id":"https:\/\/www.odemocratagb.com\/#website"},"primaryImageOfPage":{"@id":"https:\/\/www.odemocratagb.com\/?p=58842#primaryimage"},"image":{"@id":"https:\/\/www.odemocratagb.com\/?p=58842#primaryimage"},"thumbnailUrl":"https:\/\/www.odemocratagb.com\/wp-content\/uploads\/2026\/08\/6aae192b-c473-4a96-bd16-c8196c099c6b.jpeg","datePublished":"2026-08-31T14:24:51+00:00","dateModified":"2026-08-31T14:36:11+00:00","breadcrumb":{"@id":"https:\/\/www.odemocratagb.com\/?p=58842#breadcrumb"},"inLanguage":"pt-BR","potentialAction":[{"@type":"ReadAction","target":["https:\/\/www.odemocratagb.com\/?p=58842"]}]},{"@type":"ImageObject","inLanguage":"pt-BR","@id":"https:\/\/www.odemocratagb.com\/?p=58842#primaryimage","url":"https:\/\/www.odemocratagb.com\/wp-content\/uploads\/2026\/08\/6aae192b-c473-4a96-bd16-c8196c099c6b.jpeg","contentUrl":"https:\/\/www.odemocratagb.com\/wp-content\/uploads\/2026\/08\/6aae192b-c473-4a96-bd16-c8196c099c6b.jpeg","width":1280,"height":960},{"@type":"BreadcrumbList","@id":"https:\/\/www.odemocratagb.com\/?p=58842#breadcrumb","itemListElement":[{"@type":"ListItem","position":1,"name":"In\u00edcio","item":"https:\/\/www.odemocratagb.com\/"},{"@type":"ListItem","position":2,"name":"Conselho de Transi\u00e7\u00e3o rebate oposi\u00e7\u00e3o e anuncia vit\u00f3ria do &#8220;Sim&#8221; no referendo constitucional"}]},{"@type":"WebSite","@id":"https:\/\/www.odemocratagb.com\/#website","url":"https:\/\/www.odemocratagb.com\/","name":"O Democrata GB","description":"Jornal O Democrata GB","publisher":{"@id":"https:\/\/www.odemocratagb.com\/#organization"},"potentialAction":[{"@type":"SearchAction","target":{"@type":"EntryPoint","urlTemplate":"https:\/\/www.odemocratagb.com\/?s={search_term_string}"},"query-input":{"@type":"PropertyValueSpecification","valueRequired":true,"valueName":"search_term_string"}}],"inLanguage":"pt-BR"},{"@type":"Organization","@id":"https:\/\/www.odemocratagb.com\/#organization","name":"O Democrata GB","url":"https:\/\/www.odemocratagb.com\/","logo":{"@type":"ImageObject","inLanguage":"pt-BR","@id":"https:\/\/www.odemocratagb.com\/#\/schema\/logo\/image\/","url":"https:\/\/www.odemocratagb.com\/wp-content\/uploads\/2026\/04\/logo-odemocratagb.png","contentUrl":"https:\/\/www.odemocratagb.com\/wp-content\/uploads\/2026\/04\/logo-odemocratagb.png","width":1250,"height":327,"caption":"O Democrata GB"},"image":{"@id":"https:\/\/www.odemocratagb.com\/#\/schema\/logo\/image\/"},"sameAs":["https:\/\/www.facebook.com\/jornaldaguinebissau","https:\/\/www.instagram.com\/odemocratagb"]},{"@type":"Person","@id":"https:\/\/www.odemocratagb.com\/#\/schema\/person\/c5e683adeaf9b557e57cf1a8a591b0c0","name":"Jornal Odemocrata","image":{"@type":"ImageObject","inLanguage":"pt-BR","@id":"https:\/\/secure.gravatar.com\/avatar\/09cb6b76eee5612f7cfca9e0089e2f17141d417bd034905eee842945c87fd87f?s=96&d=mm&r=g","url":"https:\/\/secure.gravatar.com\/avatar\/09cb6b76eee5612f7cfca9e0089e2f17141d417bd034905eee842945c87fd87f?s=96&d=mm&r=g","contentUrl":"https:\/\/secure.gravatar.com\/avatar\/09cb6b76eee5612f7cfca9e0089e2f17141d417bd034905eee842945c87fd87f?s=96&d=mm&r=g","caption":"Jornal Odemocrata"},"sameAs":["http:\/\/odemocratagb.com"],"url":"https:\/\/www.odemocratagb.com\/?author=4"}]}},"_links":{"self":[{"href":"https:\/\/www.odemocratagb.com\/index.php?rest_route=\/wp\/v2\/posts\/58842","targetHints":{"allow":["GET"]}}],"collection":[{"href":"https:\/\/www.odemocratagb.com\/index.php?rest_route=\/wp\/v2\/posts"}],"about":[{"href":"https:\/\/www.odemocratagb.com\/index.php?rest_route=\/wp\/v2\/types\/post"}],"author":[{"embeddable":true,"href":"https:\/\/www.odemocratagb.com\/index.php?rest_route=\/wp\/v2\/users\/4"}],"replies":[{"embeddable":true,"href":"https:\/\/www.odemocratagb.com\/index.php?rest_route=%2Fwp%2Fv2%2Fcomments&post=58842"}],"version-history":[{"count":2,"href":"https:\/\/www.odemocratagb.com\/index.php?rest_route=\/wp\/v2\/posts\/58842\/revisions"}],"predecessor-version":[{"id":58845,"href":"https:\/\/www.odemocratagb.com\/index.php?rest_route=\/wp\/v2\/posts\/58842\/revisions\/58845"}],"wp:featuredmedia":[{"embeddable":true,"href":"https:\/\/www.odemocratagb.com\/index.php?rest_route=\/wp\/v2\/media\/58843"}],"wp:attachment":[{"href":"https:\/\/www.odemocratagb.com\/index.php?rest_route=%2Fwp%2Fv2%2Fmedia&parent=58842"}],"wp:term":[{"taxonomy":"category","embeddable":true,"href":"https:\/\/www.odemocratagb.com\/index.php?rest_route=%2Fwp%2Fv2%2Fcategories&post=58842"},{"taxonomy":"post_tag","embeddable":true,"href":"https:\/\/www.odemocratagb.com\/index.php?rest_route=%2Fwp%2Fv2%2Ftags&post=58842"}],"curies":[{"name":"wp","href":"https:\/\/api.w.org\/{rel}","templated":true}]}}