{"id":58849,"date":"2026-09-01T11:28:53","date_gmt":"2026-09-01T11:28:53","guid":{"rendered":"https:\/\/www.odemocratagb.com\/?p=58849"},"modified":"2026-09-01T11:28:56","modified_gmt":"2026-09-01T11:28:56","slug":"novo-lider-da-cedeao-apela-a-unidade-e-solidariedade-na-africa-ocidental","status":"publish","type":"post","link":"https:\/\/www.odemocratagb.com\/?p=58849","title":{"rendered":"Novo l\u00edder da CEDEAO apela \u00e0 unidade e solidariedade na \u00c1frica Ocidental"},"content":{"rendered":"\n<p class=\"wp-block-paragraph\">O senegal\u00eas General Birame Diop assumiu fun\u00e7\u00f5es como Presidente da Comiss\u00e3o da Comunidade Econ\u00f3mica dos Estados da \u00c1frica Ocidental (CEDEAO) nesta ter\u00e7a-feira, 1 de setembro de 2026, em Abuja, capital da Rep\u00fablica Federal da Nig\u00e9ria.<\/p>\n\n\n\n<p class=\"wp-block-paragraph\">A tomada de posse do novo Presidente da Comiss\u00e3o, eleito em julho deste ano durante a 69.\u00aa Sess\u00e3o Ordin\u00e1ria da Confer\u00eancia dos Chefes de Estado e de Governo da CEDEAO, realizada em Freetown, capital da Serra Leoa, marca o fim do mandato de quatro anos do seu antecessor, o gambiano Omar Alieu Touray.<\/p>\n\n\n\n<p class=\"wp-block-paragraph\">Na segunda-feira, 31 de agosto, a Comiss\u00e3o da CEDEAO realizou uma cerim\u00f3nia formal de boas-vindas ao novo Presidente e \u00e0 sua equipa, segundo uma nota da organiza\u00e7\u00e3o sub-regional consultada pela nossa reda\u00e7\u00e3o.<\/p>\n\n\n\n<p class=\"wp-block-paragraph\">Birame Diop sucede, assim, a Omar Alieu Touray na lideran\u00e7a da Comiss\u00e3o da CEDEAO. Na mesma ocasi\u00e3o, o nigeriano Anthony Ogunjimi assumiu o cargo de Vice-Presidente da Comiss\u00e3o, em substitui\u00e7\u00e3o da togolesa Damtien Tchintchibidja.<\/p>\n\n\n\n<p class=\"wp-block-paragraph\">No seu discurso, Birame Diop apelou ao refor\u00e7o da unidade, da solidariedade e do respeito m\u00fatuo como pilares fundamentais para o avan\u00e7o da integra\u00e7\u00e3o regional e para o fortalecimento da efic\u00e1cia da Comiss\u00e3o da CEDEAO.<\/p>\n\n\n\n<p class=\"wp-block-paragraph\">O novo Presidente exortou ainda todas as partes interessadas a trabalharem em conjunto na constru\u00e7\u00e3o de uma institui\u00e7\u00e3o mais unida, coesa e eficiente, capaz de responder \u00e0s aspira\u00e7\u00f5es e aos desafios da \u00c1frica Ocidental.<\/p>\n\n\n\n<p class=\"wp-block-paragraph\">\u201cO meu apelo solene a todos v\u00f3s \u00e9 para que abram caminho \u00e0 unidade e \u00e0 solidariedade, com base no respeito m\u00fatuo\u201d, afirmou, sublinhando que a for\u00e7a da integra\u00e7\u00e3o regional ser\u00e1 medida pela capacidade coletiva da Comunidade em permanecer unida e determinada.<\/p>\n\n\n\n<p class=\"wp-block-paragraph\">\u201cFoi aberto um novo cap\u00edtulo para a integra\u00e7\u00e3o da \u00c1frica Ocidental. Trabalhemos juntos para que seja um cap\u00edtulo de paz, dignidade e prosperidade partilhada\u201d, declarou.<\/p>\n\n\n\n<figure class=\"wp-block-image size-full\"><a href=\"https:\/\/www.odemocratagb.com\/wp-content\/uploads\/2026\/09\/09e97899-924e-4a12-885e-ebc923e6cc90.jpeg\"><img loading=\"lazy\" decoding=\"async\" width=\"1000\" height=\"604\" src=\"https:\/\/www.odemocratagb.com\/wp-content\/uploads\/2026\/09\/09e97899-924e-4a12-885e-ebc923e6cc90.jpeg\" alt=\"\" class=\"wp-image-58850\" srcset=\"https:\/\/www.odemocratagb.com\/wp-content\/uploads\/2026\/09\/09e97899-924e-4a12-885e-ebc923e6cc90.jpeg 1000w, https:\/\/www.odemocratagb.com\/wp-content\/uploads\/2026\/09\/09e97899-924e-4a12-885e-ebc923e6cc90-300x181.jpeg 300w, https:\/\/www.odemocratagb.com\/wp-content\/uploads\/2026\/09\/09e97899-924e-4a12-885e-ebc923e6cc90-768x464.jpeg 768w\" sizes=\"auto, (max-width: 1000px) 100vw, 1000px\" \/><\/a><\/figure>\n\n\n\n<p class=\"wp-block-paragraph\">Al\u00e9m do Presidente e do Vice-Presidente da Comiss\u00e3o, os restantes membros da institui\u00e7\u00e3o tamb\u00e9m tomaram posse dos respetivos cargos. S\u00e3o eles:<\/p>\n\n\n\n<ul class=\"wp-block-list\">\n<li><strong>Dr. Kalilou Sylla (Costa do Marfim)<\/strong>, Comiss\u00e1rio para os Servi\u00e7os Internos;<\/li>\n\n\n\n<li><strong>Francess Alghali (Serra Leoa)<\/strong>, Comiss\u00e1ria para os Assuntos Pol\u00edticos, Paz e Seguran\u00e7a;<\/li>\n\n\n\n<li><strong>Dehpue Yenpea Zuo (Lib\u00e9ria)<\/strong>, Comiss\u00e1rio para os Assuntos Econ\u00f3micos e Agricultura;<\/li>\n\n\n\n<li><strong>Amin Amidu Sulemani (Gana)<\/strong>, Comiss\u00e1rio para as Infraestruturas, Energia e Digitaliza\u00e7\u00e3o;<\/li>\n\n\n\n<li><strong>Prof. Nassirou Bako-Arifari (Benim)<\/strong>, Comiss\u00e1rio para o Desenvolvimento Humano e Assuntos Sociais;<\/li>\n\n\n\n<li><strong>Carla Maria Borges Bettencourt (Cabo Verde)<\/strong>, Auditora-Geral das Institui\u00e7\u00f5es da CEDEAO;<\/li>\n\n\n\n<li><strong>Dra. Palokinam Pitche (Togo)<\/strong>, Diretora-Geral da Organiza\u00e7\u00e3o de Sa\u00fade da \u00c1frica Ocidental (OOAS);<\/li>\n\n\n\n<li><strong>Mam Cherno Jallow<\/strong>, Diretor-Geral do Grupo de A\u00e7\u00e3o Intergovernamental contra o Branqueamento de Capitais na \u00c1frica Ocidental (GIABA).<\/li>\n<\/ul>\n\n\n\n<p class=\"wp-block-paragraph\">A cerim\u00f3nia ficou igualmente marcada pelo lan\u00e7amento da publica\u00e7\u00e3o especial\u00a0&#8220;ECOWAS@50&#8221;, da Africa Agenda Network, em parceria com a Comiss\u00e3o da CEDEAO, pela entrega simb\u00f3lica do Comp\u00eandio de Desempenho de Gest\u00e3o ao novo Presidente e pela assinatura das notas de passagem de fun\u00e7\u00f5es pelos presidentes, vice-presidentes e membros estatut\u00e1rios cessantes e entrantes.<\/p>\n\n\n\n<p class=\"wp-block-paragraph\"><\/p>\n\n\n\n<p class=\"wp-block-paragraph\"><\/p>\n\n\n\n<p class=\"wp-block-paragraph\"><\/p>\n\n\n\n<p class=\"wp-block-paragraph\"><\/p>\n\n\n\n<p class=\"wp-block-paragraph\"><strong>Por: Assana Samb\u00fa<\/strong><\/p>\n","protected":false},"excerpt":{"rendered":"<p>O senegal\u00eas General Birame Diop assumiu fun\u00e7\u00f5es como Presidente da Comiss\u00e3o da Comunidade Econ\u00f3mica dos Estados da \u00c1frica Ocidental (CEDEAO)&#8230;<\/p>\n","protected":false},"author":4,"featured_media":58852,"comment_status":"open","ping_status":"open","sticky":false,"template":"","format":"standard","meta":{"footnotes":""},"categories":[52],"tags":[],"class_list":["post-58849","post","type-post","status-publish","format-standard","has-post-thumbnail","hentry","category-africa","wpcat-52-id"],"yoast_head":"<!-- This site is optimized with the Yoast SEO plugin v27.5 - https:\/\/yoast.com\/product\/yoast-seo-wordpress\/ -->\n<title>Novo l\u00edder da CEDEAO apela \u00e0 unidade e solidariedade na \u00c1frica Ocidental - O Democrata GB<\/title>\n<meta name=\"robots\" content=\"index, follow, max-snippet:-1, max-image-preview:large, max-video-preview:-1\" \/>\n<link rel=\"canonical\" href=\"https:\/\/www.odemocratagb.com\/?p=58849\" \/>\n<meta property=\"og:locale\" content=\"pt_BR\" \/>\n<meta property=\"og:type\" content=\"article\" \/>\n<meta property=\"og:title\" content=\"Novo l\u00edder da CEDEAO apela \u00e0 unidade e solidariedade na \u00c1frica Ocidental - O Democrata GB\" \/>\n<meta property=\"og:description\" content=\"O senegal\u00eas General Birame Diop assumiu fun\u00e7\u00f5es como Presidente da Comiss\u00e3o da Comunidade Econ\u00f3mica dos Estados da \u00c1frica Ocidental (CEDEAO)...\" \/>\n<meta property=\"og:url\" content=\"https:\/\/www.odemocratagb.com\/?p=58849\" \/>\n<meta property=\"og:site_name\" content=\"O Democrata GB\" \/>\n<meta property=\"article:publisher\" content=\"https:\/\/www.facebook.com\/jornaldaguinebissau\" \/>\n<meta property=\"article:published_time\" content=\"2026-09-01T11:28:53+00:00\" \/>\n<meta property=\"article:modified_time\" content=\"2026-09-01T11:28:56+00:00\" \/>\n<meta property=\"og:image\" content=\"https:\/\/www.odemocratagb.com\/wp-content\/uploads\/2026\/09\/74b2e60b-8128-4188-ab53-37ae20533e57-1.jpeg\" \/>\n\t<meta property=\"og:image:width\" content=\"924\" \/>\n\t<meta property=\"og:image:height\" content=\"861\" \/>\n\t<meta property=\"og:image:type\" content=\"image\/jpeg\" \/>\n<meta name=\"author\" content=\"Jornal Odemocrata\" \/>\n<meta name=\"twitter:card\" content=\"summary_large_image\" \/>\n<meta name=\"twitter:label1\" content=\"Escrito por\" \/>\n\t<meta name=\"twitter:data1\" content=\"Jornal Odemocrata\" \/>\n\t<meta name=\"twitter:label2\" content=\"Est. tempo de leitura\" \/>\n\t<meta name=\"twitter:data2\" content=\"3 minutos\" \/>\n<script type=\"application\/ld+json\" class=\"yoast-schema-graph\">{\"@context\":\"https:\\\/\\\/schema.org\",\"@graph\":[{\"@type\":\"Article\",\"@id\":\"https:\\\/\\\/www.odemocratagb.com\\\/?p=58849#article\",\"isPartOf\":{\"@id\":\"https:\\\/\\\/www.odemocratagb.com\\\/?p=58849\"},\"author\":{\"name\":\"Jornal Odemocrata\",\"@id\":\"https:\\\/\\\/www.odemocratagb.com\\\/#\\\/schema\\\/person\\\/c5e683adeaf9b557e57cf1a8a591b0c0\"},\"headline\":\"Novo l\u00edder da CEDEAO apela \u00e0 unidade e solidariedade na \u00c1frica Ocidental\",\"datePublished\":\"2026-09-01T11:28:53+00:00\",\"dateModified\":\"2026-09-01T11:28:56+00:00\",\"mainEntityOfPage\":{\"@id\":\"https:\\\/\\\/www.odemocratagb.com\\\/?p=58849\"},\"wordCount\":534,\"commentCount\":0,\"publisher\":{\"@id\":\"https:\\\/\\\/www.odemocratagb.com\\\/#organization\"},\"image\":{\"@id\":\"https:\\\/\\\/www.odemocratagb.com\\\/?p=58849#primaryimage\"},\"thumbnailUrl\":\"https:\\\/\\\/www.odemocratagb.com\\\/wp-content\\\/uploads\\\/2026\\\/09\\\/74b2e60b-8128-4188-ab53-37ae20533e57-1.jpeg\",\"articleSection\":[\"\u00c1frica\"],\"inLanguage\":\"pt-BR\",\"potentialAction\":[{\"@type\":\"CommentAction\",\"name\":\"Comment\",\"target\":[\"https:\\\/\\\/www.odemocratagb.com\\\/?p=58849#respond\"]}]},{\"@type\":\"WebPage\",\"@id\":\"https:\\\/\\\/www.odemocratagb.com\\\/?p=58849\",\"url\":\"https:\\\/\\\/www.odemocratagb.com\\\/?p=58849\",\"name\":\"Novo l\u00edder da CEDEAO apela \u00e0 unidade e solidariedade na \u00c1frica Ocidental - O Democrata GB\",\"isPartOf\":{\"@id\":\"https:\\\/\\\/www.odemocratagb.com\\\/#website\"},\"primaryImageOfPage\":{\"@id\":\"https:\\\/\\\/www.odemocratagb.com\\\/?p=58849#primaryimage\"},\"image\":{\"@id\":\"https:\\\/\\\/www.odemocratagb.com\\\/?p=58849#primaryimage\"},\"thumbnailUrl\":\"https:\\\/\\\/www.odemocratagb.com\\\/wp-content\\\/uploads\\\/2026\\\/09\\\/74b2e60b-8128-4188-ab53-37ae20533e57-1.jpeg\",\"datePublished\":\"2026-09-01T11:28:53+00:00\",\"dateModified\":\"2026-09-01T11:28:56+00:00\",\"breadcrumb\":{\"@id\":\"https:\\\/\\\/www.odemocratagb.com\\\/?p=58849#breadcrumb\"},\"inLanguage\":\"pt-BR\",\"potentialAction\":[{\"@type\":\"ReadAction\",\"target\":[\"https:\\\/\\\/www.odemocratagb.com\\\/?p=58849\"]}]},{\"@type\":\"ImageObject\",\"inLanguage\":\"pt-BR\",\"@id\":\"https:\\\/\\\/www.odemocratagb.com\\\/?p=58849#primaryimage\",\"url\":\"https:\\\/\\\/www.odemocratagb.com\\\/wp-content\\\/uploads\\\/2026\\\/09\\\/74b2e60b-8128-4188-ab53-37ae20533e57-1.jpeg\",\"contentUrl\":\"https:\\\/\\\/www.odemocratagb.com\\\/wp-content\\\/uploads\\\/2026\\\/09\\\/74b2e60b-8128-4188-ab53-37ae20533e57-1.jpeg\",\"width\":924,\"height\":861},{\"@type\":\"BreadcrumbList\",\"@id\":\"https:\\\/\\\/www.odemocratagb.com\\\/?p=58849#breadcrumb\",\"itemListElement\":[{\"@type\":\"ListItem\",\"position\":1,\"name\":\"In\u00edcio\",\"item\":\"https:\\\/\\\/www.odemocratagb.com\\\/\"},{\"@type\":\"ListItem\",\"position\":2,\"name\":\"Novo l\u00edder da CEDEAO apela \u00e0 unidade e solidariedade na \u00c1frica Ocidental\"}]},{\"@type\":\"WebSite\",\"@id\":\"https:\\\/\\\/www.odemocratagb.com\\\/#website\",\"url\":\"https:\\\/\\\/www.odemocratagb.com\\\/\",\"name\":\"O Democrata GB\",\"description\":\"Jornal O Democrata GB\",\"publisher\":{\"@id\":\"https:\\\/\\\/www.odemocratagb.com\\\/#organization\"},\"potentialAction\":[{\"@type\":\"SearchAction\",\"target\":{\"@type\":\"EntryPoint\",\"urlTemplate\":\"https:\\\/\\\/www.odemocratagb.com\\\/?s={search_term_string}\"},\"query-input\":{\"@type\":\"PropertyValueSpecification\",\"valueRequired\":true,\"valueName\":\"search_term_string\"}}],\"inLanguage\":\"pt-BR\"},{\"@type\":\"Organization\",\"@id\":\"https:\\\/\\\/www.odemocratagb.com\\\/#organization\",\"name\":\"O Democrata GB\",\"url\":\"https:\\\/\\\/www.odemocratagb.com\\\/\",\"logo\":{\"@type\":\"ImageObject\",\"inLanguage\":\"pt-BR\",\"@id\":\"https:\\\/\\\/www.odemocratagb.com\\\/#\\\/schema\\\/logo\\\/image\\\/\",\"url\":\"https:\\\/\\\/www.odemocratagb.com\\\/wp-content\\\/uploads\\\/2026\\\/04\\\/logo-odemocratagb.png\",\"contentUrl\":\"https:\\\/\\\/www.odemocratagb.com\\\/wp-content\\\/uploads\\\/2026\\\/04\\\/logo-odemocratagb.png\",\"width\":1250,\"height\":327,\"caption\":\"O Democrata GB\"},\"image\":{\"@id\":\"https:\\\/\\\/www.odemocratagb.com\\\/#\\\/schema\\\/logo\\\/image\\\/\"},\"sameAs\":[\"https:\\\/\\\/www.facebook.com\\\/jornaldaguinebissau\",\"https:\\\/\\\/www.instagram.com\\\/odemocratagb\"]},{\"@type\":\"Person\",\"@id\":\"https:\\\/\\\/www.odemocratagb.com\\\/#\\\/schema\\\/person\\\/c5e683adeaf9b557e57cf1a8a591b0c0\",\"name\":\"Jornal Odemocrata\",\"image\":{\"@type\":\"ImageObject\",\"inLanguage\":\"pt-BR\",\"@id\":\"https:\\\/\\\/secure.gravatar.com\\\/avatar\\\/09cb6b76eee5612f7cfca9e0089e2f17141d417bd034905eee842945c87fd87f?s=96&d=mm&r=g\",\"url\":\"https:\\\/\\\/secure.gravatar.com\\\/avatar\\\/09cb6b76eee5612f7cfca9e0089e2f17141d417bd034905eee842945c87fd87f?s=96&d=mm&r=g\",\"contentUrl\":\"https:\\\/\\\/secure.gravatar.com\\\/avatar\\\/09cb6b76eee5612f7cfca9e0089e2f17141d417bd034905eee842945c87fd87f?s=96&d=mm&r=g\",\"caption\":\"Jornal Odemocrata\"},\"sameAs\":[\"http:\\\/\\\/odemocratagb.com\"],\"url\":\"https:\\\/\\\/www.odemocratagb.com\\\/?author=4\"}]}<\/script>\n<!-- \/ Yoast SEO plugin. -->","yoast_head_json":{"title":"Novo l\u00edder da CEDEAO apela \u00e0 unidade e solidariedade na \u00c1frica Ocidental - O Democrata GB","robots":{"index":"index","follow":"follow","max-snippet":"max-snippet:-1","max-image-preview":"max-image-preview:large","max-video-preview":"max-video-preview:-1"},"canonical":"https:\/\/www.odemocratagb.com\/?p=58849","og_locale":"pt_BR","og_type":"article","og_title":"Novo l\u00edder da CEDEAO apela \u00e0 unidade e solidariedade na \u00c1frica Ocidental - O Democrata GB","og_description":"O senegal\u00eas General Birame Diop assumiu fun\u00e7\u00f5es como Presidente da Comiss\u00e3o da Comunidade Econ\u00f3mica dos Estados da \u00c1frica Ocidental (CEDEAO)...","og_url":"https:\/\/www.odemocratagb.com\/?p=58849","og_site_name":"O Democrata GB","article_publisher":"https:\/\/www.facebook.com\/jornaldaguinebissau","article_published_time":"2026-09-01T11:28:53+00:00","article_modified_time":"2026-09-01T11:28:56+00:00","og_image":[{"width":924,"height":861,"url":"https:\/\/www.odemocratagb.com\/wp-content\/uploads\/2026\/09\/74b2e60b-8128-4188-ab53-37ae20533e57-1.jpeg","type":"image\/jpeg"}],"author":"Jornal Odemocrata","twitter_card":"summary_large_image","twitter_misc":{"Escrito por":"Jornal Odemocrata","Est. tempo de leitura":"3 minutos"},"schema":{"@context":"https:\/\/schema.org","@graph":[{"@type":"Article","@id":"https:\/\/www.odemocratagb.com\/?p=58849#article","isPartOf":{"@id":"https:\/\/www.odemocratagb.com\/?p=58849"},"author":{"name":"Jornal Odemocrata","@id":"https:\/\/www.odemocratagb.com\/#\/schema\/person\/c5e683adeaf9b557e57cf1a8a591b0c0"},"headline":"Novo l\u00edder da CEDEAO apela \u00e0 unidade e solidariedade na \u00c1frica Ocidental","datePublished":"2026-09-01T11:28:53+00:00","dateModified":"2026-09-01T11:28:56+00:00","mainEntityOfPage":{"@id":"https:\/\/www.odemocratagb.com\/?p=58849"},"wordCount":534,"commentCount":0,"publisher":{"@id":"https:\/\/www.odemocratagb.com\/#organization"},"image":{"@id":"https:\/\/www.odemocratagb.com\/?p=58849#primaryimage"},"thumbnailUrl":"https:\/\/www.odemocratagb.com\/wp-content\/uploads\/2026\/09\/74b2e60b-8128-4188-ab53-37ae20533e57-1.jpeg","articleSection":["\u00c1frica"],"inLanguage":"pt-BR","potentialAction":[{"@type":"CommentAction","name":"Comment","target":["https:\/\/www.odemocratagb.com\/?p=58849#respond"]}]},{"@type":"WebPage","@id":"https:\/\/www.odemocratagb.com\/?p=58849","url":"https:\/\/www.odemocratagb.com\/?p=58849","name":"Novo l\u00edder da CEDEAO apela \u00e0 unidade e solidariedade na \u00c1frica Ocidental - O Democrata GB","isPartOf":{"@id":"https:\/\/www.odemocratagb.com\/#website"},"primaryImageOfPage":{"@id":"https:\/\/www.odemocratagb.com\/?p=58849#primaryimage"},"image":{"@id":"https:\/\/www.odemocratagb.com\/?p=58849#primaryimage"},"thumbnailUrl":"https:\/\/www.odemocratagb.com\/wp-content\/uploads\/2026\/09\/74b2e60b-8128-4188-ab53-37ae20533e57-1.jpeg","datePublished":"2026-09-01T11:28:53+00:00","dateModified":"2026-09-01T11:28:56+00:00","breadcrumb":{"@id":"https:\/\/www.odemocratagb.com\/?p=58849#breadcrumb"},"inLanguage":"pt-BR","potentialAction":[{"@type":"ReadAction","target":["https:\/\/www.odemocratagb.com\/?p=58849"]}]},{"@type":"ImageObject","inLanguage":"pt-BR","@id":"https:\/\/www.odemocratagb.com\/?p=58849#primaryimage","url":"https:\/\/www.odemocratagb.com\/wp-content\/uploads\/2026\/09\/74b2e60b-8128-4188-ab53-37ae20533e57-1.jpeg","contentUrl":"https:\/\/www.odemocratagb.com\/wp-content\/uploads\/2026\/09\/74b2e60b-8128-4188-ab53-37ae20533e57-1.jpeg","width":924,"height":861},{"@type":"BreadcrumbList","@id":"https:\/\/www.odemocratagb.com\/?p=58849#breadcrumb","itemListElement":[{"@type":"ListItem","position":1,"name":"In\u00edcio","item":"https:\/\/www.odemocratagb.com\/"},{"@type":"ListItem","position":2,"name":"Novo l\u00edder da CEDEAO apela \u00e0 unidade e solidariedade na \u00c1frica Ocidental"}]},{"@type":"WebSite","@id":"https:\/\/www.odemocratagb.com\/#website","url":"https:\/\/www.odemocratagb.com\/","name":"O Democrata GB","description":"Jornal O Democrata GB","publisher":{"@id":"https:\/\/www.odemocratagb.com\/#organization"},"potentialAction":[{"@type":"SearchAction","target":{"@type":"EntryPoint","urlTemplate":"https:\/\/www.odemocratagb.com\/?s={search_term_string}"},"query-input":{"@type":"PropertyValueSpecification","valueRequired":true,"valueName":"search_term_string"}}],"inLanguage":"pt-BR"},{"@type":"Organization","@id":"https:\/\/www.odemocratagb.com\/#organization","name":"O Democrata GB","url":"https:\/\/www.odemocratagb.com\/","logo":{"@type":"ImageObject","inLanguage":"pt-BR","@id":"https:\/\/www.odemocratagb.com\/#\/schema\/logo\/image\/","url":"https:\/\/www.odemocratagb.com\/wp-content\/uploads\/2026\/04\/logo-odemocratagb.png","contentUrl":"https:\/\/www.odemocratagb.com\/wp-content\/uploads\/2026\/04\/logo-odemocratagb.png","width":1250,"height":327,"caption":"O Democrata GB"},"image":{"@id":"https:\/\/www.odemocratagb.com\/#\/schema\/logo\/image\/"},"sameAs":["https:\/\/www.facebook.com\/jornaldaguinebissau","https:\/\/www.instagram.com\/odemocratagb"]},{"@type":"Person","@id":"https:\/\/www.odemocratagb.com\/#\/schema\/person\/c5e683adeaf9b557e57cf1a8a591b0c0","name":"Jornal Odemocrata","image":{"@type":"ImageObject","inLanguage":"pt-BR","@id":"https:\/\/secure.gravatar.com\/avatar\/09cb6b76eee5612f7cfca9e0089e2f17141d417bd034905eee842945c87fd87f?s=96&d=mm&r=g","url":"https:\/\/secure.gravatar.com\/avatar\/09cb6b76eee5612f7cfca9e0089e2f17141d417bd034905eee842945c87fd87f?s=96&d=mm&r=g","contentUrl":"https:\/\/secure.gravatar.com\/avatar\/09cb6b76eee5612f7cfca9e0089e2f17141d417bd034905eee842945c87fd87f?s=96&d=mm&r=g","caption":"Jornal Odemocrata"},"sameAs":["http:\/\/odemocratagb.com"],"url":"https:\/\/www.odemocratagb.com\/?author=4"}]}},"_links":{"self":[{"href":"https:\/\/www.odemocratagb.com\/index.php?rest_route=\/wp\/v2\/posts\/58849","targetHints":{"allow":["GET"]}}],"collection":[{"href":"https:\/\/www.odemocratagb.com\/index.php?rest_route=\/wp\/v2\/posts"}],"about":[{"href":"https:\/\/www.odemocratagb.com\/index.php?rest_route=\/wp\/v2\/types\/post"}],"author":[{"embeddable":true,"href":"https:\/\/www.odemocratagb.com\/index.php?rest_route=\/wp\/v2\/users\/4"}],"replies":[{"embeddable":true,"href":"https:\/\/www.odemocratagb.com\/index.php?rest_route=%2Fwp%2Fv2%2Fcomments&post=58849"}],"version-history":[{"count":1,"href":"https:\/\/www.odemocratagb.com\/index.php?rest_route=\/wp\/v2\/posts\/58849\/revisions"}],"predecessor-version":[{"id":58853,"href":"https:\/\/www.odemocratagb.com\/index.php?rest_route=\/wp\/v2\/posts\/58849\/revisions\/58853"}],"wp:featuredmedia":[{"embeddable":true,"href":"https:\/\/www.odemocratagb.com\/index.php?rest_route=\/wp\/v2\/media\/58852"}],"wp:attachment":[{"href":"https:\/\/www.odemocratagb.com\/index.php?rest_route=%2Fwp%2Fv2%2Fmedia&parent=58849"}],"wp:term":[{"taxonomy":"category","embeddable":true,"href":"https:\/\/www.odemocratagb.com\/index.php?rest_route=%2Fwp%2Fv2%2Fcategories&post=58849"},{"taxonomy":"post_tag","embeddable":true,"href":"https:\/\/www.odemocratagb.com\/index.php?rest_route=%2Fwp%2Fv2%2Ftags&post=58849"}],"curies":[{"name":"wp","href":"https:\/\/api.w.org\/{rel}","templated":true}]}}