{"id":58869,"date":"2026-09-02T11:54:18","date_gmt":"2026-09-02T11:54:18","guid":{"rendered":"https:\/\/www.odemocratagb.com\/?p=58869"},"modified":"2026-09-02T11:54:21","modified_gmt":"2026-09-02T11:54:21","slug":"senegal-quer-gerir-divida-sem-recorrer-a-reestruturacao-afirma-ministro-das-financas","status":"publish","type":"post","link":"https:\/\/www.odemocratagb.com\/?p=58869","title":{"rendered":"Senegal quer gerir d\u00edvida sem recorrer \u00e0 reestrutura\u00e7\u00e3o, afirma ministro das Finan\u00e7as"},"content":{"rendered":"\n<p class=\"wp-block-paragraph\">O ministro da Economia, Finan\u00e7as e Planeamento do Senegal, Cheikh Diba, afirmou que o pa\u00eds pretende resolver os seus desafios de endividamento sem recorrer a uma reestrutura\u00e7\u00e3o tradicional da d\u00edvida.<\/p>\n\n\n\n<p class=\"wp-block-paragraph\">As declara\u00e7\u00f5es foram feitas na ter\u00e7a-feira, 1 de setembro de 2026, durante uma confer\u00eancia de imprensa realizada \u00e0 margem do encerramento da miss\u00e3o do Fundo Monet\u00e1rio Internacional (FMI) no Senegal.<\/p>\n\n\n\n<p class=\"wp-block-paragraph\">O governante rejeitou a possibilidade de uma opera\u00e7\u00e3o cl\u00e1ssica de renegocia\u00e7\u00e3o dos termos de pagamento dos empr\u00e9stimos do pa\u00eds. Segundo explicou, o plano anunciado pelas autoridades segue uma abordagem diferente, concebida especificamente para responder \u00e0 realidade senegalesa.<\/p>\n\n\n\n<p class=\"wp-block-paragraph\">\u201cO plano de tratamento da d\u00edvida do Senegal n\u00e3o \u00e9 uma reestrutura\u00e7\u00e3o no sentido tradicional do termo\u201d, sublinhou.<\/p>\n\n\n\n<p class=\"wp-block-paragraph\">Segundo o ministro, a diferen\u00e7a vai al\u00e9m da terminologia e traduz a inten\u00e7\u00e3o do Governo de privilegiar uma solu\u00e7\u00e3o adaptada \u00e0 composi\u00e7\u00e3o da d\u00edvida do Senegal, em vez de recorrer a mecanismos padronizados utilizados noutros pa\u00edses.<\/p>\n\n\n\n<p class=\"wp-block-paragraph\">Diba frisou que se trata, antes de mais, de uma iniciativa nacional.<\/p>\n\n\n\n<p class=\"wp-block-paragraph\">\u201cEste \u00e9 um plano que n\u00e3o poderia ser aplicado ao Gana, \u00e0 Z\u00e2mbia ou a Mo\u00e7ambique\u201d, afirmou.<\/p>\n\n\n\n<p class=\"wp-block-paragraph\">O ministro acrescentou que Dakar pretende adotar uma resposta que tenha em conta a natureza da sua d\u00edvida, a sua composi\u00e7\u00e3o e as rela\u00e7\u00f5es mantidas com os seus parceiros financeiros.<\/p>\n\n\n\n<p class=\"wp-block-paragraph\">Para ilustrar a estrat\u00e9gia, recorreu a uma met\u00e1fora m\u00e9dica. A d\u00edvida, explicou, \u00e9 o \u201cdoente\u201d, enquanto uma reestrutura\u00e7\u00e3o convencional corresponderia a uma cirurgia.<\/p>\n\n\n\n<p class=\"wp-block-paragraph\">\u201cO Senegal procura uma abordagem diferente, compar\u00e1vel a um tratamento administrado em doses sucessivas, para alcan\u00e7ar um resultado semelhante sem recorrer a uma cirurgia de grande porte\u201d, esclareceu.<\/p>\n\n\n\n<p class=\"wp-block-paragraph\">\u201cDecidimos que n\u00e3o queremos que o nosso doente seja submetido a uma cirurgia que possa causar danos permanentes\u201d, acrescentou.<\/p>\n\n\n\n<p class=\"wp-block-paragraph\">De acordo com o governante, o Executivo privilegia uma solu\u00e7\u00e3o gradual e de longo prazo, procurando evitar os efeitos frequentemente associados \u00e0s reestrutura\u00e7\u00f5es tradicionais da d\u00edvida.<\/p>\n\n\n\n<p class=\"wp-block-paragraph\">Contudo, reconheceu que a estrat\u00e9gia exigir\u00e1 uma implementa\u00e7\u00e3o faseada. O ministro garantiu que cada etapa ser\u00e1 comunicada regularmente e que todo o processo ser\u00e1 conduzido com transpar\u00eancia.<\/p>\n\n\n\n<p class=\"wp-block-paragraph\">Diba reiterou ainda que o Governo n\u00e3o pretende apresentar o plano como uma reestrutura\u00e7\u00e3o disfar\u00e7ada, mas sim como um mecanismo espec\u00edfico de gest\u00e3o da d\u00edvida adaptado \u00e0s necessidades do pa\u00eds.<\/p>\n\n\n\n<p class=\"wp-block-paragraph\">O sucesso da iniciativa depender\u00e1, segundo o ministro, da capacidade das autoridades para concretizar as medidas anunciadas e manter a confian\u00e7a dos parceiros financeiros.<\/p>\n\n\n\n<p class=\"wp-block-paragraph\">\u201cSer\u00e1 conduzido de forma transparente, com comunica\u00e7\u00f5es regulares que detalhar\u00e3o as v\u00e1rias etapas de implementa\u00e7\u00e3o deste plano de tratamento da d\u00edvida\u201d, prometeu.<\/p>\n\n\n\n<p class=\"wp-block-paragraph\"><\/p>\n\n\n\n<p class=\"wp-block-paragraph\"><\/p>\n\n\n\n<p class=\"wp-block-paragraph\"><\/p>\n\n\n\n<p class=\"wp-block-paragraph\"><strong>Por: Reda\u00e7\u00e3o<\/strong><br><strong>O Democrata\/Le Soleil<\/strong><\/p>\n","protected":false},"excerpt":{"rendered":"<p>O ministro da Economia, Finan\u00e7as e Planeamento do Senegal, Cheikh Diba, afirmou que o pa\u00eds pretende resolver os seus desafios&#8230;<\/p>\n","protected":false},"author":4,"featured_media":58870,"comment_status":"open","ping_status":"open","sticky":false,"template":"","format":"standard","meta":{"footnotes":""},"categories":[52],"tags":[],"class_list":["post-58869","post","type-post","status-publish","format-standard","has-post-thumbnail","hentry","category-africa","wpcat-52-id"],"yoast_head":"<!-- This site is optimized with the Yoast SEO plugin v27.5 - https:\/\/yoast.com\/product\/yoast-seo-wordpress\/ -->\n<title>Senegal quer gerir d\u00edvida sem recorrer \u00e0 reestrutura\u00e7\u00e3o, afirma ministro das Finan\u00e7as - O Democrata GB<\/title>\n<meta name=\"robots\" content=\"index, follow, max-snippet:-1, max-image-preview:large, max-video-preview:-1\" \/>\n<link rel=\"canonical\" href=\"https:\/\/www.odemocratagb.com\/?p=58869\" \/>\n<meta property=\"og:locale\" content=\"pt_BR\" \/>\n<meta property=\"og:type\" content=\"article\" \/>\n<meta property=\"og:title\" content=\"Senegal quer gerir d\u00edvida sem recorrer \u00e0 reestrutura\u00e7\u00e3o, afirma ministro das Finan\u00e7as - O Democrata GB\" \/>\n<meta property=\"og:description\" content=\"O ministro da Economia, Finan\u00e7as e Planeamento do Senegal, Cheikh Diba, afirmou que o pa\u00eds pretende resolver os seus desafios...\" \/>\n<meta property=\"og:url\" content=\"https:\/\/www.odemocratagb.com\/?p=58869\" \/>\n<meta property=\"og:site_name\" content=\"O Democrata GB\" \/>\n<meta property=\"article:publisher\" content=\"https:\/\/www.facebook.com\/jornaldaguinebissau\" \/>\n<meta property=\"article:published_time\" content=\"2026-09-02T11:54:18+00:00\" \/>\n<meta property=\"article:modified_time\" content=\"2026-09-02T11:54:21+00:00\" \/>\n<meta property=\"og:image\" content=\"https:\/\/www.odemocratagb.com\/wp-content\/uploads\/2026\/09\/ed9e3d82-c341-4f8b-8887-7f59a0005ec2.jpeg\" \/>\n\t<meta property=\"og:image:width\" content=\"1080\" \/>\n\t<meta property=\"og:image:height\" content=\"706\" \/>\n\t<meta property=\"og:image:type\" content=\"image\/jpeg\" \/>\n<meta name=\"author\" content=\"Jornal Odemocrata\" \/>\n<meta name=\"twitter:card\" content=\"summary_large_image\" \/>\n<meta name=\"twitter:label1\" content=\"Escrito por\" \/>\n\t<meta name=\"twitter:data1\" content=\"Jornal Odemocrata\" \/>\n\t<meta name=\"twitter:label2\" content=\"Est. tempo de leitura\" \/>\n\t<meta name=\"twitter:data2\" content=\"3 minutos\" \/>\n<script type=\"application\/ld+json\" class=\"yoast-schema-graph\">{\"@context\":\"https:\\\/\\\/schema.org\",\"@graph\":[{\"@type\":\"Article\",\"@id\":\"https:\\\/\\\/www.odemocratagb.com\\\/?p=58869#article\",\"isPartOf\":{\"@id\":\"https:\\\/\\\/www.odemocratagb.com\\\/?p=58869\"},\"author\":{\"name\":\"Jornal Odemocrata\",\"@id\":\"https:\\\/\\\/www.odemocratagb.com\\\/#\\\/schema\\\/person\\\/c5e683adeaf9b557e57cf1a8a591b0c0\"},\"headline\":\"Senegal quer gerir d\u00edvida sem recorrer \u00e0 reestrutura\u00e7\u00e3o, afirma ministro das Finan\u00e7as\",\"datePublished\":\"2026-09-02T11:54:18+00:00\",\"dateModified\":\"2026-09-02T11:54:21+00:00\",\"mainEntityOfPage\":{\"@id\":\"https:\\\/\\\/www.odemocratagb.com\\\/?p=58869\"},\"wordCount\":478,\"commentCount\":0,\"publisher\":{\"@id\":\"https:\\\/\\\/www.odemocratagb.com\\\/#organization\"},\"image\":{\"@id\":\"https:\\\/\\\/www.odemocratagb.com\\\/?p=58869#primaryimage\"},\"thumbnailUrl\":\"https:\\\/\\\/www.odemocratagb.com\\\/wp-content\\\/uploads\\\/2026\\\/09\\\/ed9e3d82-c341-4f8b-8887-7f59a0005ec2.jpeg\",\"articleSection\":[\"\u00c1frica\"],\"inLanguage\":\"pt-BR\",\"potentialAction\":[{\"@type\":\"CommentAction\",\"name\":\"Comment\",\"target\":[\"https:\\\/\\\/www.odemocratagb.com\\\/?p=58869#respond\"]}]},{\"@type\":\"WebPage\",\"@id\":\"https:\\\/\\\/www.odemocratagb.com\\\/?p=58869\",\"url\":\"https:\\\/\\\/www.odemocratagb.com\\\/?p=58869\",\"name\":\"Senegal quer gerir d\u00edvida sem recorrer \u00e0 reestrutura\u00e7\u00e3o, afirma ministro das Finan\u00e7as - O Democrata GB\",\"isPartOf\":{\"@id\":\"https:\\\/\\\/www.odemocratagb.com\\\/#website\"},\"primaryImageOfPage\":{\"@id\":\"https:\\\/\\\/www.odemocratagb.com\\\/?p=58869#primaryimage\"},\"image\":{\"@id\":\"https:\\\/\\\/www.odemocratagb.com\\\/?p=58869#primaryimage\"},\"thumbnailUrl\":\"https:\\\/\\\/www.odemocratagb.com\\\/wp-content\\\/uploads\\\/2026\\\/09\\\/ed9e3d82-c341-4f8b-8887-7f59a0005ec2.jpeg\",\"datePublished\":\"2026-09-02T11:54:18+00:00\",\"dateModified\":\"2026-09-02T11:54:21+00:00\",\"breadcrumb\":{\"@id\":\"https:\\\/\\\/www.odemocratagb.com\\\/?p=58869#breadcrumb\"},\"inLanguage\":\"pt-BR\",\"potentialAction\":[{\"@type\":\"ReadAction\",\"target\":[\"https:\\\/\\\/www.odemocratagb.com\\\/?p=58869\"]}]},{\"@type\":\"ImageObject\",\"inLanguage\":\"pt-BR\",\"@id\":\"https:\\\/\\\/www.odemocratagb.com\\\/?p=58869#primaryimage\",\"url\":\"https:\\\/\\\/www.odemocratagb.com\\\/wp-content\\\/uploads\\\/2026\\\/09\\\/ed9e3d82-c341-4f8b-8887-7f59a0005ec2.jpeg\",\"contentUrl\":\"https:\\\/\\\/www.odemocratagb.com\\\/wp-content\\\/uploads\\\/2026\\\/09\\\/ed9e3d82-c341-4f8b-8887-7f59a0005ec2.jpeg\",\"width\":1080,\"height\":706},{\"@type\":\"BreadcrumbList\",\"@id\":\"https:\\\/\\\/www.odemocratagb.com\\\/?p=58869#breadcrumb\",\"itemListElement\":[{\"@type\":\"ListItem\",\"position\":1,\"name\":\"In\u00edcio\",\"item\":\"https:\\\/\\\/www.odemocratagb.com\\\/\"},{\"@type\":\"ListItem\",\"position\":2,\"name\":\"Senegal quer gerir d\u00edvida sem recorrer \u00e0 reestrutura\u00e7\u00e3o, afirma ministro das Finan\u00e7as\"}]},{\"@type\":\"WebSite\",\"@id\":\"https:\\\/\\\/www.odemocratagb.com\\\/#website\",\"url\":\"https:\\\/\\\/www.odemocratagb.com\\\/\",\"name\":\"O Democrata GB\",\"description\":\"Jornal O Democrata GB\",\"publisher\":{\"@id\":\"https:\\\/\\\/www.odemocratagb.com\\\/#organization\"},\"potentialAction\":[{\"@type\":\"SearchAction\",\"target\":{\"@type\":\"EntryPoint\",\"urlTemplate\":\"https:\\\/\\\/www.odemocratagb.com\\\/?s={search_term_string}\"},\"query-input\":{\"@type\":\"PropertyValueSpecification\",\"valueRequired\":true,\"valueName\":\"search_term_string\"}}],\"inLanguage\":\"pt-BR\"},{\"@type\":\"Organization\",\"@id\":\"https:\\\/\\\/www.odemocratagb.com\\\/#organization\",\"name\":\"O Democrata GB\",\"url\":\"https:\\\/\\\/www.odemocratagb.com\\\/\",\"logo\":{\"@type\":\"ImageObject\",\"inLanguage\":\"pt-BR\",\"@id\":\"https:\\\/\\\/www.odemocratagb.com\\\/#\\\/schema\\\/logo\\\/image\\\/\",\"url\":\"https:\\\/\\\/www.odemocratagb.com\\\/wp-content\\\/uploads\\\/2026\\\/04\\\/logo-odemocratagb.png\",\"contentUrl\":\"https:\\\/\\\/www.odemocratagb.com\\\/wp-content\\\/uploads\\\/2026\\\/04\\\/logo-odemocratagb.png\",\"width\":1250,\"height\":327,\"caption\":\"O Democrata GB\"},\"image\":{\"@id\":\"https:\\\/\\\/www.odemocratagb.com\\\/#\\\/schema\\\/logo\\\/image\\\/\"},\"sameAs\":[\"https:\\\/\\\/www.facebook.com\\\/jornaldaguinebissau\",\"https:\\\/\\\/www.instagram.com\\\/odemocratagb\"]},{\"@type\":\"Person\",\"@id\":\"https:\\\/\\\/www.odemocratagb.com\\\/#\\\/schema\\\/person\\\/c5e683adeaf9b557e57cf1a8a591b0c0\",\"name\":\"Jornal Odemocrata\",\"image\":{\"@type\":\"ImageObject\",\"inLanguage\":\"pt-BR\",\"@id\":\"https:\\\/\\\/secure.gravatar.com\\\/avatar\\\/09cb6b76eee5612f7cfca9e0089e2f17141d417bd034905eee842945c87fd87f?s=96&d=mm&r=g\",\"url\":\"https:\\\/\\\/secure.gravatar.com\\\/avatar\\\/09cb6b76eee5612f7cfca9e0089e2f17141d417bd034905eee842945c87fd87f?s=96&d=mm&r=g\",\"contentUrl\":\"https:\\\/\\\/secure.gravatar.com\\\/avatar\\\/09cb6b76eee5612f7cfca9e0089e2f17141d417bd034905eee842945c87fd87f?s=96&d=mm&r=g\",\"caption\":\"Jornal Odemocrata\"},\"sameAs\":[\"http:\\\/\\\/odemocratagb.com\"],\"url\":\"https:\\\/\\\/www.odemocratagb.com\\\/?author=4\"}]}<\/script>\n<!-- \/ Yoast SEO plugin. -->","yoast_head_json":{"title":"Senegal quer gerir d\u00edvida sem recorrer \u00e0 reestrutura\u00e7\u00e3o, afirma ministro das Finan\u00e7as - O Democrata GB","robots":{"index":"index","follow":"follow","max-snippet":"max-snippet:-1","max-image-preview":"max-image-preview:large","max-video-preview":"max-video-preview:-1"},"canonical":"https:\/\/www.odemocratagb.com\/?p=58869","og_locale":"pt_BR","og_type":"article","og_title":"Senegal quer gerir d\u00edvida sem recorrer \u00e0 reestrutura\u00e7\u00e3o, afirma ministro das Finan\u00e7as - O Democrata GB","og_description":"O ministro da Economia, Finan\u00e7as e Planeamento do Senegal, Cheikh Diba, afirmou que o pa\u00eds pretende resolver os seus desafios...","og_url":"https:\/\/www.odemocratagb.com\/?p=58869","og_site_name":"O Democrata GB","article_publisher":"https:\/\/www.facebook.com\/jornaldaguinebissau","article_published_time":"2026-09-02T11:54:18+00:00","article_modified_time":"2026-09-02T11:54:21+00:00","og_image":[{"width":1080,"height":706,"url":"https:\/\/www.odemocratagb.com\/wp-content\/uploads\/2026\/09\/ed9e3d82-c341-4f8b-8887-7f59a0005ec2.jpeg","type":"image\/jpeg"}],"author":"Jornal Odemocrata","twitter_card":"summary_large_image","twitter_misc":{"Escrito por":"Jornal Odemocrata","Est. tempo de leitura":"3 minutos"},"schema":{"@context":"https:\/\/schema.org","@graph":[{"@type":"Article","@id":"https:\/\/www.odemocratagb.com\/?p=58869#article","isPartOf":{"@id":"https:\/\/www.odemocratagb.com\/?p=58869"},"author":{"name":"Jornal Odemocrata","@id":"https:\/\/www.odemocratagb.com\/#\/schema\/person\/c5e683adeaf9b557e57cf1a8a591b0c0"},"headline":"Senegal quer gerir d\u00edvida sem recorrer \u00e0 reestrutura\u00e7\u00e3o, afirma ministro das Finan\u00e7as","datePublished":"2026-09-02T11:54:18+00:00","dateModified":"2026-09-02T11:54:21+00:00","mainEntityOfPage":{"@id":"https:\/\/www.odemocratagb.com\/?p=58869"},"wordCount":478,"commentCount":0,"publisher":{"@id":"https:\/\/www.odemocratagb.com\/#organization"},"image":{"@id":"https:\/\/www.odemocratagb.com\/?p=58869#primaryimage"},"thumbnailUrl":"https:\/\/www.odemocratagb.com\/wp-content\/uploads\/2026\/09\/ed9e3d82-c341-4f8b-8887-7f59a0005ec2.jpeg","articleSection":["\u00c1frica"],"inLanguage":"pt-BR","potentialAction":[{"@type":"CommentAction","name":"Comment","target":["https:\/\/www.odemocratagb.com\/?p=58869#respond"]}]},{"@type":"WebPage","@id":"https:\/\/www.odemocratagb.com\/?p=58869","url":"https:\/\/www.odemocratagb.com\/?p=58869","name":"Senegal quer gerir d\u00edvida sem recorrer \u00e0 reestrutura\u00e7\u00e3o, afirma ministro das Finan\u00e7as - O Democrata GB","isPartOf":{"@id":"https:\/\/www.odemocratagb.com\/#website"},"primaryImageOfPage":{"@id":"https:\/\/www.odemocratagb.com\/?p=58869#primaryimage"},"image":{"@id":"https:\/\/www.odemocratagb.com\/?p=58869#primaryimage"},"thumbnailUrl":"https:\/\/www.odemocratagb.com\/wp-content\/uploads\/2026\/09\/ed9e3d82-c341-4f8b-8887-7f59a0005ec2.jpeg","datePublished":"2026-09-02T11:54:18+00:00","dateModified":"2026-09-02T11:54:21+00:00","breadcrumb":{"@id":"https:\/\/www.odemocratagb.com\/?p=58869#breadcrumb"},"inLanguage":"pt-BR","potentialAction":[{"@type":"ReadAction","target":["https:\/\/www.odemocratagb.com\/?p=58869"]}]},{"@type":"ImageObject","inLanguage":"pt-BR","@id":"https:\/\/www.odemocratagb.com\/?p=58869#primaryimage","url":"https:\/\/www.odemocratagb.com\/wp-content\/uploads\/2026\/09\/ed9e3d82-c341-4f8b-8887-7f59a0005ec2.jpeg","contentUrl":"https:\/\/www.odemocratagb.com\/wp-content\/uploads\/2026\/09\/ed9e3d82-c341-4f8b-8887-7f59a0005ec2.jpeg","width":1080,"height":706},{"@type":"BreadcrumbList","@id":"https:\/\/www.odemocratagb.com\/?p=58869#breadcrumb","itemListElement":[{"@type":"ListItem","position":1,"name":"In\u00edcio","item":"https:\/\/www.odemocratagb.com\/"},{"@type":"ListItem","position":2,"name":"Senegal quer gerir d\u00edvida sem recorrer \u00e0 reestrutura\u00e7\u00e3o, afirma ministro das Finan\u00e7as"}]},{"@type":"WebSite","@id":"https:\/\/www.odemocratagb.com\/#website","url":"https:\/\/www.odemocratagb.com\/","name":"O Democrata GB","description":"Jornal O Democrata GB","publisher":{"@id":"https:\/\/www.odemocratagb.com\/#organization"},"potentialAction":[{"@type":"SearchAction","target":{"@type":"EntryPoint","urlTemplate":"https:\/\/www.odemocratagb.com\/?s={search_term_string}"},"query-input":{"@type":"PropertyValueSpecification","valueRequired":true,"valueName":"search_term_string"}}],"inLanguage":"pt-BR"},{"@type":"Organization","@id":"https:\/\/www.odemocratagb.com\/#organization","name":"O Democrata GB","url":"https:\/\/www.odemocratagb.com\/","logo":{"@type":"ImageObject","inLanguage":"pt-BR","@id":"https:\/\/www.odemocratagb.com\/#\/schema\/logo\/image\/","url":"https:\/\/www.odemocratagb.com\/wp-content\/uploads\/2026\/04\/logo-odemocratagb.png","contentUrl":"https:\/\/www.odemocratagb.com\/wp-content\/uploads\/2026\/04\/logo-odemocratagb.png","width":1250,"height":327,"caption":"O Democrata GB"},"image":{"@id":"https:\/\/www.odemocratagb.com\/#\/schema\/logo\/image\/"},"sameAs":["https:\/\/www.facebook.com\/jornaldaguinebissau","https:\/\/www.instagram.com\/odemocratagb"]},{"@type":"Person","@id":"https:\/\/www.odemocratagb.com\/#\/schema\/person\/c5e683adeaf9b557e57cf1a8a591b0c0","name":"Jornal Odemocrata","image":{"@type":"ImageObject","inLanguage":"pt-BR","@id":"https:\/\/secure.gravatar.com\/avatar\/09cb6b76eee5612f7cfca9e0089e2f17141d417bd034905eee842945c87fd87f?s=96&d=mm&r=g","url":"https:\/\/secure.gravatar.com\/avatar\/09cb6b76eee5612f7cfca9e0089e2f17141d417bd034905eee842945c87fd87f?s=96&d=mm&r=g","contentUrl":"https:\/\/secure.gravatar.com\/avatar\/09cb6b76eee5612f7cfca9e0089e2f17141d417bd034905eee842945c87fd87f?s=96&d=mm&r=g","caption":"Jornal Odemocrata"},"sameAs":["http:\/\/odemocratagb.com"],"url":"https:\/\/www.odemocratagb.com\/?author=4"}]}},"_links":{"self":[{"href":"https:\/\/www.odemocratagb.com\/index.php?rest_route=\/wp\/v2\/posts\/58869","targetHints":{"allow":["GET"]}}],"collection":[{"href":"https:\/\/www.odemocratagb.com\/index.php?rest_route=\/wp\/v2\/posts"}],"about":[{"href":"https:\/\/www.odemocratagb.com\/index.php?rest_route=\/wp\/v2\/types\/post"}],"author":[{"embeddable":true,"href":"https:\/\/www.odemocratagb.com\/index.php?rest_route=\/wp\/v2\/users\/4"}],"replies":[{"embeddable":true,"href":"https:\/\/www.odemocratagb.com\/index.php?rest_route=%2Fwp%2Fv2%2Fcomments&post=58869"}],"version-history":[{"count":1,"href":"https:\/\/www.odemocratagb.com\/index.php?rest_route=\/wp\/v2\/posts\/58869\/revisions"}],"predecessor-version":[{"id":58871,"href":"https:\/\/www.odemocratagb.com\/index.php?rest_route=\/wp\/v2\/posts\/58869\/revisions\/58871"}],"wp:featuredmedia":[{"embeddable":true,"href":"https:\/\/www.odemocratagb.com\/index.php?rest_route=\/wp\/v2\/media\/58870"}],"wp:attachment":[{"href":"https:\/\/www.odemocratagb.com\/index.php?rest_route=%2Fwp%2Fv2%2Fmedia&parent=58869"}],"wp:term":[{"taxonomy":"category","embeddable":true,"href":"https:\/\/www.odemocratagb.com\/index.php?rest_route=%2Fwp%2Fv2%2Fcategories&post=58869"},{"taxonomy":"post_tag","embeddable":true,"href":"https:\/\/www.odemocratagb.com\/index.php?rest_route=%2Fwp%2Fv2%2Ftags&post=58869"}],"curies":[{"name":"wp","href":"https:\/\/api.w.org\/{rel}","templated":true}]}}