{"id":58872,"date":"2026-09-02T16:34:27","date_gmt":"2026-09-02T16:34:27","guid":{"rendered":"https:\/\/www.odemocratagb.com\/?p=58872"},"modified":"2026-09-02T16:36:34","modified_gmt":"2026-09-02T16:36:34","slug":"referendo-nacional-cnt-pede-respeito-pelos-resultados-e-unidade-nacional","status":"publish","type":"post","link":"https:\/\/www.odemocratagb.com\/?p=58872","title":{"rendered":"Referendo nacional: CNT pede respeito pelos resultados e unidade nacional"},"content":{"rendered":"\n<p class=\"wp-block-paragraph\">O Conselho Nacional de Transi\u00e7\u00e3o (CNT) apelou a todos os atores pol\u00edticos para que respeitem o processo institucional em curso e aguardem a publica\u00e7\u00e3o dos resultados finais pela entidade competente, a Comiss\u00e3o Nacional de Elei\u00e7\u00f5es (CNE).<\/p>\n\n\n\n<p class=\"wp-block-paragraph\">O apelo foi lan\u00e7ado esta quarta-feira, 2 de setembro de 2026, pelo vice-presidente do Conselho Nacional de Transi\u00e7\u00e3o, Fode Caramba Sanh\u00e1, durante uma comunica\u00e7\u00e3o \u00e0 imprensa realizada ap\u00f3s o referendo.<\/p>\n\n\n\n<p class=\"wp-block-paragraph\">O respons\u00e1vel afirmou que os resultados provis\u00f3rios indicam uma tend\u00eancia clara favor\u00e1vel ao voto &#8220;Sim&#8221; e sublinhou que, nesta fase, a responsabilidade \u00e9 maior do que celebrar uma percentagem, sendo necess\u00e1rio preparar a Guin\u00e9-Bissau para o per\u00edodo p\u00f3s-referendo.<\/p>\n\n\n\n<p class=\"wp-block-paragraph\">Segundo Fode Caramba Sanh\u00e1, caso os resultados finais confirmem a tend\u00eancia provis\u00f3ria, o lema da campanha, &#8220;Voto Sim pela Estabilidade&#8221;, deixar\u00e1 de ser apenas uma mensagem eleitoral para se transformar numa responsabilidade que dever\u00e1 ser demonstrada atrav\u00e9s de a\u00e7\u00f5es concretas.<\/p>\n\n\n\n<p class=\"wp-block-paragraph\">Na sua interven\u00e7\u00e3o, destacou que estabilidade significa institui\u00e7\u00f5es funcionais, respeito pela legalidade, previsibilidade na vida p\u00fablica, seguran\u00e7a, continuidade das reformas, cria\u00e7\u00e3o de condi\u00e7\u00f5es para o funcionamento regular do Estado, di\u00e1logo e respeito pelas diferen\u00e7as.<\/p>\n\n\n\n<p class=\"wp-block-paragraph\">O vice-presidente do CNT acrescentou ainda que, caso a tend\u00eancia seja confirmada, chegar\u00e1 ao fim uma etapa em que foi pedido ao povo guineense que votasse pela estabilidade, iniciando-se outra, mais exigente, marcada pela constru\u00e7\u00e3o de institui\u00e7\u00f5es fortes, pela promo\u00e7\u00e3o da legalidade, do di\u00e1logo, da responsabilidade e do respeito por quem concorda e por quem discorda.<\/p>\n\n\n\n<p class=\"wp-block-paragraph\">Durante a sua comunica\u00e7\u00e3o, Fode Caramba Sanh\u00e1 reconheceu que os resultados provis\u00f3rios mostram igualmente que o pa\u00eds n\u00e3o se pronunciou de forma uniforme, uma vez que, segundo afirmou, &#8220;h\u00e1 regi\u00f5es em que a participa\u00e7\u00e3o foi muito elevada e outras em que se registaram n\u00edveis significativos de absten\u00e7\u00e3o&#8221;.<\/p>\n\n\n\n<p class=\"wp-block-paragraph\">&#8220;A t\u00edtulo de exemplo, nas regi\u00f5es de Gab\u00fa e Bafat\u00e1, a participa\u00e7\u00e3o aproximou-se dos 90%, acompanhada de uma vota\u00e7\u00e3o fortemente favor\u00e1vel ao &#8216;Sim&#8217;. Em Tombali registou-se igualmente uma participa\u00e7\u00e3o elevada e uma maioria clara da op\u00e7\u00e3o &#8216;Sim'&#8221;, real\u00e7ou.<\/p>\n\n\n\n<p class=\"wp-block-paragraph\">De acordo com Fode Caramba Sanh\u00e1, embora o &#8220;Sim&#8221; surja maiorit\u00e1rio entre os votos v\u00e1lidos em regi\u00f5es como Biombo, Quinara e Bolama\/Bijag\u00f3s, os n\u00edveis de participa\u00e7\u00e3o foram reduzidos. J\u00e1 no Setor Aut\u00f3nomo de Bissau, os resultados provis\u00f3rios atribuem 64.241 votos ao &#8220;N\u00e3o&#8221; e 58.957 ao &#8220;Sim&#8221;, o que representa uma vantagem provis\u00f3ria de 5.284 votos para o &#8220;N\u00e3o&#8221;.<\/p>\n\n\n\n<p class=\"wp-block-paragraph\">Para o dirigente, todos os resultados merecem respeito, salientando que a democracia n\u00e3o se mede apenas pela exist\u00eancia de uma maioria, mas tamb\u00e9m pela capacidade de respeitar aqueles que fizeram escolhas diferentes.<\/p>\n\n\n\n<p class=\"wp-block-paragraph\">Caramba Sanh\u00e1 denunciou ainda que, durante o processo referend\u00e1rio, houve apelos p\u00fablicos \u00e0 n\u00e3o participa\u00e7\u00e3o. Contudo, frisou que os resultados provis\u00f3rios indicam que a maioria dos eleitores inscritos compareceu \u00e0s urnas.<\/p>\n\n\n\n<p class=\"wp-block-paragraph\">&#8220;As diferen\u00e7as significativas de participa\u00e7\u00e3o entre regi\u00f5es merecem uma an\u00e1lise serena, rigorosa e respons\u00e1vel&#8221;, afirmou. Acrescentou que a obriga\u00e7\u00e3o das autoridades n\u00e3o \u00e9 apenas contabilizar os votos, mas tamb\u00e9m compreender as mensagens transmitidas pelos cidad\u00e3os atrav\u00e9s do voto &#8220;Sim&#8221;, do voto &#8220;N\u00e3o&#8221; e da pr\u00f3pria absten\u00e7\u00e3o.<\/p>\n\n\n\n<p class=\"wp-block-paragraph\">Sanh\u00e1 alertou ainda que, caso os resultados provis\u00f3rios anunciados pela Comiss\u00e3o Nacional de Elei\u00e7\u00f5es sejam confirmados, a Constitui\u00e7\u00e3o resultante do referendo n\u00e3o ser\u00e1 a Constitui\u00e7\u00e3o de uma campanha, de um grupo ou de uma regi\u00e3o, mas sim um quadro institucional para toda a Rep\u00fablica da Guin\u00e9-Bissau.<\/p>\n\n\n\n<p class=\"wp-block-paragraph\">Por essa raz\u00e3o, Fode Caramba Sanh\u00e1 considerou que uma eventual confirma\u00e7\u00e3o da maioria favor\u00e1vel ao &#8220;Sim&#8221; deve ser recebida n\u00e3o como uma autoriza\u00e7\u00e3o para dividir, mas como uma responsabilidade acrescida para promover a uni\u00e3o e a inclus\u00e3o.<\/p>\n\n\n\n<p class=\"wp-block-paragraph\"><\/p>\n\n\n\n<p class=\"wp-block-paragraph\"><\/p>\n\n\n\n<p class=\"wp-block-paragraph\"><\/p>\n\n\n\n<p class=\"wp-block-paragraph\"><\/p>\n\n\n\n<p class=\"wp-block-paragraph\"><strong>Por: Carolina Djeme<\/strong><\/p>\n\n\n\n<p class=\"wp-block-paragraph\"><\/p>\n","protected":false},"excerpt":{"rendered":"<p>O Conselho Nacional de Transi\u00e7\u00e3o (CNT) apelou a todos os atores pol\u00edticos para que respeitem o processo institucional em curso&#8230;<\/p>\n","protected":false},"author":4,"featured_media":58873,"comment_status":"open","ping_status":"open","sticky":false,"template":"","format":"standard","meta":{"footnotes":""},"categories":[6,7],"tags":[],"class_list":["post-58872","post","type-post","status-publish","format-standard","has-post-thumbnail","hentry","category-inicio","category-politica","wpcat-6-id","wpcat-7-id"],"yoast_head":"<!-- This site is optimized with the Yoast SEO plugin v27.5 - https:\/\/yoast.com\/product\/yoast-seo-wordpress\/ -->\n<title>Referendo nacional: CNT pede respeito pelos resultados e unidade nacional - O Democrata GB<\/title>\n<meta name=\"robots\" content=\"index, follow, max-snippet:-1, max-image-preview:large, max-video-preview:-1\" \/>\n<link rel=\"canonical\" href=\"https:\/\/www.odemocratagb.com\/?p=58872\" \/>\n<meta property=\"og:locale\" content=\"pt_BR\" \/>\n<meta property=\"og:type\" content=\"article\" \/>\n<meta property=\"og:title\" content=\"Referendo nacional: CNT pede respeito pelos resultados e unidade nacional - O Democrata GB\" \/>\n<meta property=\"og:description\" content=\"O Conselho Nacional de Transi\u00e7\u00e3o (CNT) apelou a todos os atores pol\u00edticos para que respeitem o processo institucional em curso...\" \/>\n<meta property=\"og:url\" content=\"https:\/\/www.odemocratagb.com\/?p=58872\" \/>\n<meta property=\"og:site_name\" content=\"O Democrata GB\" \/>\n<meta property=\"article:publisher\" content=\"https:\/\/www.facebook.com\/jornaldaguinebissau\" \/>\n<meta property=\"article:published_time\" content=\"2026-09-02T16:34:27+00:00\" \/>\n<meta property=\"article:modified_time\" content=\"2026-09-02T16:36:34+00:00\" \/>\n<meta property=\"og:image\" content=\"https:\/\/www.odemocratagb.com\/wp-content\/uploads\/2026\/09\/6305e68e-9752-4088-b071-22b4110307e4.jpeg\" \/>\n\t<meta property=\"og:image:width\" content=\"1080\" \/>\n\t<meta property=\"og:image:height\" content=\"607\" \/>\n\t<meta property=\"og:image:type\" content=\"image\/jpeg\" \/>\n<meta name=\"author\" content=\"Jornal Odemocrata\" \/>\n<meta name=\"twitter:card\" content=\"summary_large_image\" \/>\n<meta name=\"twitter:label1\" content=\"Escrito por\" \/>\n\t<meta name=\"twitter:data1\" content=\"Jornal Odemocrata\" \/>\n\t<meta name=\"twitter:label2\" content=\"Est. tempo de leitura\" \/>\n\t<meta name=\"twitter:data2\" content=\"4 minutos\" \/>\n<script type=\"application\/ld+json\" class=\"yoast-schema-graph\">{\"@context\":\"https:\\\/\\\/schema.org\",\"@graph\":[{\"@type\":\"Article\",\"@id\":\"https:\\\/\\\/www.odemocratagb.com\\\/?p=58872#article\",\"isPartOf\":{\"@id\":\"https:\\\/\\\/www.odemocratagb.com\\\/?p=58872\"},\"author\":{\"name\":\"Jornal Odemocrata\",\"@id\":\"https:\\\/\\\/www.odemocratagb.com\\\/#\\\/schema\\\/person\\\/c5e683adeaf9b557e57cf1a8a591b0c0\"},\"headline\":\"Referendo nacional: CNT pede respeito pelos resultados e unidade nacional\",\"datePublished\":\"2026-09-02T16:34:27+00:00\",\"dateModified\":\"2026-09-02T16:36:34+00:00\",\"mainEntityOfPage\":{\"@id\":\"https:\\\/\\\/www.odemocratagb.com\\\/?p=58872\"},\"wordCount\":671,\"commentCount\":0,\"publisher\":{\"@id\":\"https:\\\/\\\/www.odemocratagb.com\\\/#organization\"},\"image\":{\"@id\":\"https:\\\/\\\/www.odemocratagb.com\\\/?p=58872#primaryimage\"},\"thumbnailUrl\":\"https:\\\/\\\/www.odemocratagb.com\\\/wp-content\\\/uploads\\\/2026\\\/09\\\/6305e68e-9752-4088-b071-22b4110307e4.jpeg\",\"articleSection\":[\"Atualidade\",\"Pol\u00edtica\"],\"inLanguage\":\"pt-BR\",\"potentialAction\":[{\"@type\":\"CommentAction\",\"name\":\"Comment\",\"target\":[\"https:\\\/\\\/www.odemocratagb.com\\\/?p=58872#respond\"]}]},{\"@type\":\"WebPage\",\"@id\":\"https:\\\/\\\/www.odemocratagb.com\\\/?p=58872\",\"url\":\"https:\\\/\\\/www.odemocratagb.com\\\/?p=58872\",\"name\":\"Referendo nacional: CNT pede respeito pelos resultados e unidade nacional - O Democrata GB\",\"isPartOf\":{\"@id\":\"https:\\\/\\\/www.odemocratagb.com\\\/#website\"},\"primaryImageOfPage\":{\"@id\":\"https:\\\/\\\/www.odemocratagb.com\\\/?p=58872#primaryimage\"},\"image\":{\"@id\":\"https:\\\/\\\/www.odemocratagb.com\\\/?p=58872#primaryimage\"},\"thumbnailUrl\":\"https:\\\/\\\/www.odemocratagb.com\\\/wp-content\\\/uploads\\\/2026\\\/09\\\/6305e68e-9752-4088-b071-22b4110307e4.jpeg\",\"datePublished\":\"2026-09-02T16:34:27+00:00\",\"dateModified\":\"2026-09-02T16:36:34+00:00\",\"breadcrumb\":{\"@id\":\"https:\\\/\\\/www.odemocratagb.com\\\/?p=58872#breadcrumb\"},\"inLanguage\":\"pt-BR\",\"potentialAction\":[{\"@type\":\"ReadAction\",\"target\":[\"https:\\\/\\\/www.odemocratagb.com\\\/?p=58872\"]}]},{\"@type\":\"ImageObject\",\"inLanguage\":\"pt-BR\",\"@id\":\"https:\\\/\\\/www.odemocratagb.com\\\/?p=58872#primaryimage\",\"url\":\"https:\\\/\\\/www.odemocratagb.com\\\/wp-content\\\/uploads\\\/2026\\\/09\\\/6305e68e-9752-4088-b071-22b4110307e4.jpeg\",\"contentUrl\":\"https:\\\/\\\/www.odemocratagb.com\\\/wp-content\\\/uploads\\\/2026\\\/09\\\/6305e68e-9752-4088-b071-22b4110307e4.jpeg\",\"width\":1080,\"height\":607},{\"@type\":\"BreadcrumbList\",\"@id\":\"https:\\\/\\\/www.odemocratagb.com\\\/?p=58872#breadcrumb\",\"itemListElement\":[{\"@type\":\"ListItem\",\"position\":1,\"name\":\"In\u00edcio\",\"item\":\"https:\\\/\\\/www.odemocratagb.com\\\/\"},{\"@type\":\"ListItem\",\"position\":2,\"name\":\"Referendo nacional: CNT pede respeito pelos resultados e unidade nacional\"}]},{\"@type\":\"WebSite\",\"@id\":\"https:\\\/\\\/www.odemocratagb.com\\\/#website\",\"url\":\"https:\\\/\\\/www.odemocratagb.com\\\/\",\"name\":\"O Democrata GB\",\"description\":\"Jornal O Democrata GB\",\"publisher\":{\"@id\":\"https:\\\/\\\/www.odemocratagb.com\\\/#organization\"},\"potentialAction\":[{\"@type\":\"SearchAction\",\"target\":{\"@type\":\"EntryPoint\",\"urlTemplate\":\"https:\\\/\\\/www.odemocratagb.com\\\/?s={search_term_string}\"},\"query-input\":{\"@type\":\"PropertyValueSpecification\",\"valueRequired\":true,\"valueName\":\"search_term_string\"}}],\"inLanguage\":\"pt-BR\"},{\"@type\":\"Organization\",\"@id\":\"https:\\\/\\\/www.odemocratagb.com\\\/#organization\",\"name\":\"O Democrata GB\",\"url\":\"https:\\\/\\\/www.odemocratagb.com\\\/\",\"logo\":{\"@type\":\"ImageObject\",\"inLanguage\":\"pt-BR\",\"@id\":\"https:\\\/\\\/www.odemocratagb.com\\\/#\\\/schema\\\/logo\\\/image\\\/\",\"url\":\"https:\\\/\\\/www.odemocratagb.com\\\/wp-content\\\/uploads\\\/2026\\\/04\\\/logo-odemocratagb.png\",\"contentUrl\":\"https:\\\/\\\/www.odemocratagb.com\\\/wp-content\\\/uploads\\\/2026\\\/04\\\/logo-odemocratagb.png\",\"width\":1250,\"height\":327,\"caption\":\"O Democrata GB\"},\"image\":{\"@id\":\"https:\\\/\\\/www.odemocratagb.com\\\/#\\\/schema\\\/logo\\\/image\\\/\"},\"sameAs\":[\"https:\\\/\\\/www.facebook.com\\\/jornaldaguinebissau\",\"https:\\\/\\\/www.instagram.com\\\/odemocratagb\"]},{\"@type\":\"Person\",\"@id\":\"https:\\\/\\\/www.odemocratagb.com\\\/#\\\/schema\\\/person\\\/c5e683adeaf9b557e57cf1a8a591b0c0\",\"name\":\"Jornal Odemocrata\",\"image\":{\"@type\":\"ImageObject\",\"inLanguage\":\"pt-BR\",\"@id\":\"https:\\\/\\\/secure.gravatar.com\\\/avatar\\\/09cb6b76eee5612f7cfca9e0089e2f17141d417bd034905eee842945c87fd87f?s=96&d=mm&r=g\",\"url\":\"https:\\\/\\\/secure.gravatar.com\\\/avatar\\\/09cb6b76eee5612f7cfca9e0089e2f17141d417bd034905eee842945c87fd87f?s=96&d=mm&r=g\",\"contentUrl\":\"https:\\\/\\\/secure.gravatar.com\\\/avatar\\\/09cb6b76eee5612f7cfca9e0089e2f17141d417bd034905eee842945c87fd87f?s=96&d=mm&r=g\",\"caption\":\"Jornal Odemocrata\"},\"sameAs\":[\"http:\\\/\\\/odemocratagb.com\"],\"url\":\"https:\\\/\\\/www.odemocratagb.com\\\/?author=4\"}]}<\/script>\n<!-- \/ Yoast SEO plugin. -->","yoast_head_json":{"title":"Referendo nacional: CNT pede respeito pelos resultados e unidade nacional - O Democrata GB","robots":{"index":"index","follow":"follow","max-snippet":"max-snippet:-1","max-image-preview":"max-image-preview:large","max-video-preview":"max-video-preview:-1"},"canonical":"https:\/\/www.odemocratagb.com\/?p=58872","og_locale":"pt_BR","og_type":"article","og_title":"Referendo nacional: CNT pede respeito pelos resultados e unidade nacional - O Democrata GB","og_description":"O Conselho Nacional de Transi\u00e7\u00e3o (CNT) apelou a todos os atores pol\u00edticos para que respeitem o processo institucional em curso...","og_url":"https:\/\/www.odemocratagb.com\/?p=58872","og_site_name":"O Democrata GB","article_publisher":"https:\/\/www.facebook.com\/jornaldaguinebissau","article_published_time":"2026-09-02T16:34:27+00:00","article_modified_time":"2026-09-02T16:36:34+00:00","og_image":[{"width":1080,"height":607,"url":"https:\/\/www.odemocratagb.com\/wp-content\/uploads\/2026\/09\/6305e68e-9752-4088-b071-22b4110307e4.jpeg","type":"image\/jpeg"}],"author":"Jornal Odemocrata","twitter_card":"summary_large_image","twitter_misc":{"Escrito por":"Jornal Odemocrata","Est. tempo de leitura":"4 minutos"},"schema":{"@context":"https:\/\/schema.org","@graph":[{"@type":"Article","@id":"https:\/\/www.odemocratagb.com\/?p=58872#article","isPartOf":{"@id":"https:\/\/www.odemocratagb.com\/?p=58872"},"author":{"name":"Jornal Odemocrata","@id":"https:\/\/www.odemocratagb.com\/#\/schema\/person\/c5e683adeaf9b557e57cf1a8a591b0c0"},"headline":"Referendo nacional: CNT pede respeito pelos resultados e unidade nacional","datePublished":"2026-09-02T16:34:27+00:00","dateModified":"2026-09-02T16:36:34+00:00","mainEntityOfPage":{"@id":"https:\/\/www.odemocratagb.com\/?p=58872"},"wordCount":671,"commentCount":0,"publisher":{"@id":"https:\/\/www.odemocratagb.com\/#organization"},"image":{"@id":"https:\/\/www.odemocratagb.com\/?p=58872#primaryimage"},"thumbnailUrl":"https:\/\/www.odemocratagb.com\/wp-content\/uploads\/2026\/09\/6305e68e-9752-4088-b071-22b4110307e4.jpeg","articleSection":["Atualidade","Pol\u00edtica"],"inLanguage":"pt-BR","potentialAction":[{"@type":"CommentAction","name":"Comment","target":["https:\/\/www.odemocratagb.com\/?p=58872#respond"]}]},{"@type":"WebPage","@id":"https:\/\/www.odemocratagb.com\/?p=58872","url":"https:\/\/www.odemocratagb.com\/?p=58872","name":"Referendo nacional: CNT pede respeito pelos resultados e unidade nacional - O Democrata GB","isPartOf":{"@id":"https:\/\/www.odemocratagb.com\/#website"},"primaryImageOfPage":{"@id":"https:\/\/www.odemocratagb.com\/?p=58872#primaryimage"},"image":{"@id":"https:\/\/www.odemocratagb.com\/?p=58872#primaryimage"},"thumbnailUrl":"https:\/\/www.odemocratagb.com\/wp-content\/uploads\/2026\/09\/6305e68e-9752-4088-b071-22b4110307e4.jpeg","datePublished":"2026-09-02T16:34:27+00:00","dateModified":"2026-09-02T16:36:34+00:00","breadcrumb":{"@id":"https:\/\/www.odemocratagb.com\/?p=58872#breadcrumb"},"inLanguage":"pt-BR","potentialAction":[{"@type":"ReadAction","target":["https:\/\/www.odemocratagb.com\/?p=58872"]}]},{"@type":"ImageObject","inLanguage":"pt-BR","@id":"https:\/\/www.odemocratagb.com\/?p=58872#primaryimage","url":"https:\/\/www.odemocratagb.com\/wp-content\/uploads\/2026\/09\/6305e68e-9752-4088-b071-22b4110307e4.jpeg","contentUrl":"https:\/\/www.odemocratagb.com\/wp-content\/uploads\/2026\/09\/6305e68e-9752-4088-b071-22b4110307e4.jpeg","width":1080,"height":607},{"@type":"BreadcrumbList","@id":"https:\/\/www.odemocratagb.com\/?p=58872#breadcrumb","itemListElement":[{"@type":"ListItem","position":1,"name":"In\u00edcio","item":"https:\/\/www.odemocratagb.com\/"},{"@type":"ListItem","position":2,"name":"Referendo nacional: CNT pede respeito pelos resultados e unidade nacional"}]},{"@type":"WebSite","@id":"https:\/\/www.odemocratagb.com\/#website","url":"https:\/\/www.odemocratagb.com\/","name":"O Democrata GB","description":"Jornal O Democrata GB","publisher":{"@id":"https:\/\/www.odemocratagb.com\/#organization"},"potentialAction":[{"@type":"SearchAction","target":{"@type":"EntryPoint","urlTemplate":"https:\/\/www.odemocratagb.com\/?s={search_term_string}"},"query-input":{"@type":"PropertyValueSpecification","valueRequired":true,"valueName":"search_term_string"}}],"inLanguage":"pt-BR"},{"@type":"Organization","@id":"https:\/\/www.odemocratagb.com\/#organization","name":"O Democrata GB","url":"https:\/\/www.odemocratagb.com\/","logo":{"@type":"ImageObject","inLanguage":"pt-BR","@id":"https:\/\/www.odemocratagb.com\/#\/schema\/logo\/image\/","url":"https:\/\/www.odemocratagb.com\/wp-content\/uploads\/2026\/04\/logo-odemocratagb.png","contentUrl":"https:\/\/www.odemocratagb.com\/wp-content\/uploads\/2026\/04\/logo-odemocratagb.png","width":1250,"height":327,"caption":"O Democrata GB"},"image":{"@id":"https:\/\/www.odemocratagb.com\/#\/schema\/logo\/image\/"},"sameAs":["https:\/\/www.facebook.com\/jornaldaguinebissau","https:\/\/www.instagram.com\/odemocratagb"]},{"@type":"Person","@id":"https:\/\/www.odemocratagb.com\/#\/schema\/person\/c5e683adeaf9b557e57cf1a8a591b0c0","name":"Jornal Odemocrata","image":{"@type":"ImageObject","inLanguage":"pt-BR","@id":"https:\/\/secure.gravatar.com\/avatar\/09cb6b76eee5612f7cfca9e0089e2f17141d417bd034905eee842945c87fd87f?s=96&d=mm&r=g","url":"https:\/\/secure.gravatar.com\/avatar\/09cb6b76eee5612f7cfca9e0089e2f17141d417bd034905eee842945c87fd87f?s=96&d=mm&r=g","contentUrl":"https:\/\/secure.gravatar.com\/avatar\/09cb6b76eee5612f7cfca9e0089e2f17141d417bd034905eee842945c87fd87f?s=96&d=mm&r=g","caption":"Jornal Odemocrata"},"sameAs":["http:\/\/odemocratagb.com"],"url":"https:\/\/www.odemocratagb.com\/?author=4"}]}},"_links":{"self":[{"href":"https:\/\/www.odemocratagb.com\/index.php?rest_route=\/wp\/v2\/posts\/58872","targetHints":{"allow":["GET"]}}],"collection":[{"href":"https:\/\/www.odemocratagb.com\/index.php?rest_route=\/wp\/v2\/posts"}],"about":[{"href":"https:\/\/www.odemocratagb.com\/index.php?rest_route=\/wp\/v2\/types\/post"}],"author":[{"embeddable":true,"href":"https:\/\/www.odemocratagb.com\/index.php?rest_route=\/wp\/v2\/users\/4"}],"replies":[{"embeddable":true,"href":"https:\/\/www.odemocratagb.com\/index.php?rest_route=%2Fwp%2Fv2%2Fcomments&post=58872"}],"version-history":[{"count":1,"href":"https:\/\/www.odemocratagb.com\/index.php?rest_route=\/wp\/v2\/posts\/58872\/revisions"}],"predecessor-version":[{"id":58874,"href":"https:\/\/www.odemocratagb.com\/index.php?rest_route=\/wp\/v2\/posts\/58872\/revisions\/58874"}],"wp:featuredmedia":[{"embeddable":true,"href":"https:\/\/www.odemocratagb.com\/index.php?rest_route=\/wp\/v2\/media\/58873"}],"wp:attachment":[{"href":"https:\/\/www.odemocratagb.com\/index.php?rest_route=%2Fwp%2Fv2%2Fmedia&parent=58872"}],"wp:term":[{"taxonomy":"category","embeddable":true,"href":"https:\/\/www.odemocratagb.com\/index.php?rest_route=%2Fwp%2Fv2%2Fcategories&post=58872"},{"taxonomy":"post_tag","embeddable":true,"href":"https:\/\/www.odemocratagb.com\/index.php?rest_route=%2Fwp%2Fv2%2Ftags&post=58872"}],"curies":[{"name":"wp","href":"https:\/\/api.w.org\/{rel}","templated":true}]}}