{"id":58906,"date":"2026-09-04T14:30:26","date_gmt":"2026-09-04T14:30:26","guid":{"rendered":"https:\/\/www.odemocratagb.com\/?p=58906"},"modified":"2026-09-04T14:36:25","modified_gmt":"2026-09-04T14:36:25","slug":"gabinete-do-dsp-pede-atas-de-voto-e-questiona-entrada-em-vigor-da-constituicao","status":"publish","type":"post","link":"https:\/\/www.odemocratagb.com\/?p=58906","title":{"rendered":"Gabinete do DSP pede atas de voto e questiona entrada em vigor da Constitui\u00e7\u00e3o"},"content":{"rendered":"\n<p class=\"wp-block-paragraph\">O Gabinete do Presidente da Assembleia Nacional Popular (ANP), dissolvida em 2023, questionou a legalidade do referendo constitucional realizado a 30 de agosto e exigiu esclarecimentos sobre a compet\u00eancia do Conselho Nacional de Transi\u00e7\u00e3o (CNT) para aprovar a nova Constitui\u00e7\u00e3o, bem como sobre os resultados eleitorais ainda n\u00e3o documentados.<\/p>\n\n\n\n<p class=\"wp-block-paragraph\">Numa &#8220;Nota sobre o Referendo Constitucional de 30 de agosto de 2026&#8221;, consultada por O Democrata, o Gabinete sustenta que est\u00e3o em causa &#8220;factos objetivos&#8221; decorrentes dos atos praticados pelas autoridades institu\u00eddas ap\u00f3s o golpe de Estado de novembro de 2025.<\/p>\n\n\n\n<p class=\"wp-block-paragraph\">Segundo o documento, a Carta Pol\u00edtica de Transi\u00e7\u00e3o manteve em vigor a Constitui\u00e7\u00e3o da Rep\u00fablica e atribuiu ao CNT apenas a compet\u00eancia de &#8220;preparar a revis\u00e3o da Constitui\u00e7\u00e3o da Rep\u00fablica&#8221;.<\/p>\n\n\n\n<p class=\"wp-block-paragraph\">&#8220;Preparar uma revis\u00e3o n\u00e3o equivale, sem outra habilita\u00e7\u00e3o jur\u00eddica, a aprovar definitivamente uma Constitui\u00e7\u00e3o e a faz\u00ea-la entrar em vigor&#8221;, refere a nota, questionando qual a norma que transformou essa compet\u00eancia num poder constituinte.<\/p>\n\n\n\n<p class=\"wp-block-paragraph\">O Gabinete aponta ainda aquilo que considera ser uma contradi\u00e7\u00e3o central no processo. A Lei Constitucional n.\u00ba 05\/2026 foi aprovada pelo CNT em 13 de janeiro de 2026, promulgada em&nbsp;6 de fevereiro&nbsp;e publicada no Boletim Oficial em&nbsp;24 de fevereiro.<\/p>\n\n\n\n<p class=\"wp-block-paragraph\">O artigo 152.\u00ba determina que &#8220;a presente Constitui\u00e7\u00e3o entra em vigor \u00e0 data da sua publica\u00e7\u00e3o no Boletim Oficial&#8221;. Assim, a entrada em vigor do texto constitucional n\u00e3o dependeria da realiza\u00e7\u00e3o de um referendo.<\/p>\n\n\n\n<p class=\"wp-block-paragraph\">Contudo, seis meses mais tarde, os cidad\u00e3os guineenses foram chamados \u00e0s urnas para se pronunciarem sobre a entrada em vigor da nova Constitui\u00e7\u00e3o da Rep\u00fablica aprovada pelo Conselho Nacional de Transi\u00e7\u00e3o.<\/p>\n\n\n\n<p class=\"wp-block-paragraph\">&#8220;Se o referendo era necess\u00e1rio para a Constitui\u00e7\u00e3o entrar em vigor, ela n\u00e3o poderia ter entrado em vigor em fevereiro. Se j\u00e1 estava em vigor, qual era o objeto e qual o efeito jur\u00eddico de um referendo realizado em agosto?&#8221;, questiona o Gabinete.<\/p>\n\n\n\n<p class=\"wp-block-paragraph\">O documento recorda ainda que o Supremo Tribunal de Justi\u00e7a, no Ac\u00f3rd\u00e3o n.\u00ba 01\/2026, de 1 de julho, j\u00e1 tratava a nova reda\u00e7\u00e3o constitucional como direito vigente antes da realiza\u00e7\u00e3o da consulta popular.<\/p>\n\n\n\n<p class=\"wp-block-paragraph\">Relativamente aos resultados, o Gabinete refere que uma primeira vers\u00e3o dos dados divulgados pela Comiss\u00e3o Nacional de Elei\u00e7\u00f5es (CNE) trocou os votos v\u00e1lidos pelos n\u00fameros da absten\u00e7\u00e3o e o total da participa\u00e7\u00e3o pelo n\u00famero de votos v\u00e1lidos.<\/p>\n\n\n\n<p class=\"wp-block-paragraph\">Segundo a nota, na vers\u00e3o corrigida, a CNE apresentou um total de 914.428 eleitores inscritos, 572.712 votantes, 341.716 absten\u00e7\u00f5es e 544.070 votos v\u00e1lidos, dos quais 383.116 foram favor\u00e1veis ao &#8220;SIM&#8221; e 160.954 ao &#8220;N\u00c3O&#8221;.<\/p>\n\n\n\n<p class=\"wp-block-paragraph\">Apesar da corre\u00e7\u00e3o, o Gabinete afirma que continua por esclarecer a correspond\u00eancia entre os n\u00fameros agregados e os resultados provenientes das assembleias de voto, sobretudo perante relatos de fraca aflu\u00eancia registados no encerramento da vota\u00e7\u00e3o.<\/p>\n\n\n\n<p class=\"wp-block-paragraph\">&#8220;Perante estes elementos, a participa\u00e7\u00e3o de 572.712 votantes anunciada pela CNE n\u00e3o pode ser considerada suficientemente esclarecida sem o confronto com a documenta\u00e7\u00e3o prim\u00e1ria do escrut\u00ednio&#8221;, l\u00ea-se na nota.<\/p>\n\n\n\n<p class=\"wp-block-paragraph\">O Gabinete exige, por isso, a disponibiliza\u00e7\u00e3o das atas das assembleias de voto para permitir a verifica\u00e7\u00e3o dos resultados.<\/p>\n\n\n\n<p class=\"wp-block-paragraph\">&#8220;N\u00e3o basta proclamar que 70% dos votos v\u00e1lidos foram favor\u00e1veis ao SIM. Antes da percentagem existe a legalidade; antes do resultado, a compet\u00eancia; e, antes de se invocar a vontade popular, \u00e9 necess\u00e1rio demonstrar que essa vontade foi corretamente apurada&#8221;, conclui o documento.<\/p>\n\n\n\n<p class=\"wp-block-paragraph\"><\/p>\n\n\n\n<p class=\"wp-block-paragraph\"><\/p>\n\n\n\n<p class=\"wp-block-paragraph\"><\/p>\n\n\n\n<p class=\"wp-block-paragraph\"><\/p>\n\n\n\n<p class=\"wp-block-paragraph\"><strong>Por Tiago Seide<\/strong><\/p>\n","protected":false},"excerpt":{"rendered":"<p>O Gabinete do Presidente da Assembleia Nacional Popular (ANP), dissolvida em 2023, questionou a legalidade do referendo constitucional realizado a&#8230;<\/p>\n","protected":false},"author":4,"featured_media":58907,"comment_status":"open","ping_status":"open","sticky":false,"template":"","format":"standard","meta":{"footnotes":""},"categories":[6,7],"tags":[],"class_list":["post-58906","post","type-post","status-publish","format-standard","has-post-thumbnail","hentry","category-inicio","category-politica","wpcat-6-id","wpcat-7-id"],"yoast_head":"<!-- This site is optimized with the Yoast SEO plugin v27.5 - https:\/\/yoast.com\/product\/yoast-seo-wordpress\/ -->\n<title>Gabinete do DSP pede atas de voto e questiona entrada em vigor da Constitui\u00e7\u00e3o - O Democrata GB<\/title>\n<meta name=\"robots\" content=\"index, follow, max-snippet:-1, max-image-preview:large, max-video-preview:-1\" \/>\n<link rel=\"canonical\" href=\"https:\/\/www.odemocratagb.com\/?p=58906\" \/>\n<meta property=\"og:locale\" content=\"pt_BR\" \/>\n<meta property=\"og:type\" content=\"article\" \/>\n<meta property=\"og:title\" content=\"Gabinete do DSP pede atas de voto e questiona entrada em vigor da Constitui\u00e7\u00e3o - O Democrata GB\" \/>\n<meta property=\"og:description\" content=\"O Gabinete do Presidente da Assembleia Nacional Popular (ANP), dissolvida em 2023, questionou a legalidade do referendo constitucional realizado a...\" \/>\n<meta property=\"og:url\" content=\"https:\/\/www.odemocratagb.com\/?p=58906\" \/>\n<meta property=\"og:site_name\" content=\"O Democrata GB\" \/>\n<meta property=\"article:publisher\" content=\"https:\/\/www.facebook.com\/jornaldaguinebissau\" \/>\n<meta property=\"article:published_time\" content=\"2026-09-04T14:30:26+00:00\" \/>\n<meta property=\"article:modified_time\" content=\"2026-09-04T14:36:25+00:00\" \/>\n<meta property=\"og:image\" content=\"https:\/\/www.odemocratagb.com\/wp-content\/uploads\/2026\/09\/a1ffa5ef-5aaf-4aac-a154-0ae1fa6565dc.jpeg\" \/>\n\t<meta property=\"og:image:width\" content=\"1020\" \/>\n\t<meta property=\"og:image:height\" content=\"574\" \/>\n\t<meta property=\"og:image:type\" content=\"image\/jpeg\" \/>\n<meta name=\"author\" content=\"Jornal Odemocrata\" \/>\n<meta name=\"twitter:card\" content=\"summary_large_image\" \/>\n<meta name=\"twitter:label1\" content=\"Escrito por\" \/>\n\t<meta name=\"twitter:data1\" content=\"Jornal Odemocrata\" \/>\n\t<meta name=\"twitter:label2\" content=\"Est. tempo de leitura\" \/>\n\t<meta name=\"twitter:data2\" content=\"4 minutos\" \/>\n<script type=\"application\/ld+json\" class=\"yoast-schema-graph\">{\"@context\":\"https:\\\/\\\/schema.org\",\"@graph\":[{\"@type\":\"Article\",\"@id\":\"https:\\\/\\\/www.odemocratagb.com\\\/?p=58906#article\",\"isPartOf\":{\"@id\":\"https:\\\/\\\/www.odemocratagb.com\\\/?p=58906\"},\"author\":{\"name\":\"Jornal Odemocrata\",\"@id\":\"https:\\\/\\\/www.odemocratagb.com\\\/#\\\/schema\\\/person\\\/c5e683adeaf9b557e57cf1a8a591b0c0\"},\"headline\":\"Gabinete do DSP pede atas de voto e questiona entrada em vigor da Constitui\u00e7\u00e3o\",\"datePublished\":\"2026-09-04T14:30:26+00:00\",\"dateModified\":\"2026-09-04T14:36:25+00:00\",\"mainEntityOfPage\":{\"@id\":\"https:\\\/\\\/www.odemocratagb.com\\\/?p=58906\"},\"wordCount\":604,\"commentCount\":0,\"publisher\":{\"@id\":\"https:\\\/\\\/www.odemocratagb.com\\\/#organization\"},\"image\":{\"@id\":\"https:\\\/\\\/www.odemocratagb.com\\\/?p=58906#primaryimage\"},\"thumbnailUrl\":\"https:\\\/\\\/www.odemocratagb.com\\\/wp-content\\\/uploads\\\/2026\\\/09\\\/a1ffa5ef-5aaf-4aac-a154-0ae1fa6565dc.jpeg\",\"articleSection\":[\"Atualidade\",\"Pol\u00edtica\"],\"inLanguage\":\"pt-BR\",\"potentialAction\":[{\"@type\":\"CommentAction\",\"name\":\"Comment\",\"target\":[\"https:\\\/\\\/www.odemocratagb.com\\\/?p=58906#respond\"]}]},{\"@type\":\"WebPage\",\"@id\":\"https:\\\/\\\/www.odemocratagb.com\\\/?p=58906\",\"url\":\"https:\\\/\\\/www.odemocratagb.com\\\/?p=58906\",\"name\":\"Gabinete do DSP pede atas de voto e questiona entrada em vigor da Constitui\u00e7\u00e3o - O Democrata GB\",\"isPartOf\":{\"@id\":\"https:\\\/\\\/www.odemocratagb.com\\\/#website\"},\"primaryImageOfPage\":{\"@id\":\"https:\\\/\\\/www.odemocratagb.com\\\/?p=58906#primaryimage\"},\"image\":{\"@id\":\"https:\\\/\\\/www.odemocratagb.com\\\/?p=58906#primaryimage\"},\"thumbnailUrl\":\"https:\\\/\\\/www.odemocratagb.com\\\/wp-content\\\/uploads\\\/2026\\\/09\\\/a1ffa5ef-5aaf-4aac-a154-0ae1fa6565dc.jpeg\",\"datePublished\":\"2026-09-04T14:30:26+00:00\",\"dateModified\":\"2026-09-04T14:36:25+00:00\",\"breadcrumb\":{\"@id\":\"https:\\\/\\\/www.odemocratagb.com\\\/?p=58906#breadcrumb\"},\"inLanguage\":\"pt-BR\",\"potentialAction\":[{\"@type\":\"ReadAction\",\"target\":[\"https:\\\/\\\/www.odemocratagb.com\\\/?p=58906\"]}]},{\"@type\":\"ImageObject\",\"inLanguage\":\"pt-BR\",\"@id\":\"https:\\\/\\\/www.odemocratagb.com\\\/?p=58906#primaryimage\",\"url\":\"https:\\\/\\\/www.odemocratagb.com\\\/wp-content\\\/uploads\\\/2026\\\/09\\\/a1ffa5ef-5aaf-4aac-a154-0ae1fa6565dc.jpeg\",\"contentUrl\":\"https:\\\/\\\/www.odemocratagb.com\\\/wp-content\\\/uploads\\\/2026\\\/09\\\/a1ffa5ef-5aaf-4aac-a154-0ae1fa6565dc.jpeg\",\"width\":1020,\"height\":574},{\"@type\":\"BreadcrumbList\",\"@id\":\"https:\\\/\\\/www.odemocratagb.com\\\/?p=58906#breadcrumb\",\"itemListElement\":[{\"@type\":\"ListItem\",\"position\":1,\"name\":\"In\u00edcio\",\"item\":\"https:\\\/\\\/www.odemocratagb.com\\\/\"},{\"@type\":\"ListItem\",\"position\":2,\"name\":\"Gabinete do DSP pede atas de voto e questiona entrada em vigor da Constitui\u00e7\u00e3o\"}]},{\"@type\":\"WebSite\",\"@id\":\"https:\\\/\\\/www.odemocratagb.com\\\/#website\",\"url\":\"https:\\\/\\\/www.odemocratagb.com\\\/\",\"name\":\"O Democrata GB\",\"description\":\"Jornal O Democrata GB\",\"publisher\":{\"@id\":\"https:\\\/\\\/www.odemocratagb.com\\\/#organization\"},\"potentialAction\":[{\"@type\":\"SearchAction\",\"target\":{\"@type\":\"EntryPoint\",\"urlTemplate\":\"https:\\\/\\\/www.odemocratagb.com\\\/?s={search_term_string}\"},\"query-input\":{\"@type\":\"PropertyValueSpecification\",\"valueRequired\":true,\"valueName\":\"search_term_string\"}}],\"inLanguage\":\"pt-BR\"},{\"@type\":\"Organization\",\"@id\":\"https:\\\/\\\/www.odemocratagb.com\\\/#organization\",\"name\":\"O Democrata GB\",\"url\":\"https:\\\/\\\/www.odemocratagb.com\\\/\",\"logo\":{\"@type\":\"ImageObject\",\"inLanguage\":\"pt-BR\",\"@id\":\"https:\\\/\\\/www.odemocratagb.com\\\/#\\\/schema\\\/logo\\\/image\\\/\",\"url\":\"https:\\\/\\\/www.odemocratagb.com\\\/wp-content\\\/uploads\\\/2026\\\/04\\\/logo-odemocratagb.png\",\"contentUrl\":\"https:\\\/\\\/www.odemocratagb.com\\\/wp-content\\\/uploads\\\/2026\\\/04\\\/logo-odemocratagb.png\",\"width\":1250,\"height\":327,\"caption\":\"O Democrata GB\"},\"image\":{\"@id\":\"https:\\\/\\\/www.odemocratagb.com\\\/#\\\/schema\\\/logo\\\/image\\\/\"},\"sameAs\":[\"https:\\\/\\\/www.facebook.com\\\/jornaldaguinebissau\",\"https:\\\/\\\/www.instagram.com\\\/odemocratagb\"]},{\"@type\":\"Person\",\"@id\":\"https:\\\/\\\/www.odemocratagb.com\\\/#\\\/schema\\\/person\\\/c5e683adeaf9b557e57cf1a8a591b0c0\",\"name\":\"Jornal Odemocrata\",\"image\":{\"@type\":\"ImageObject\",\"inLanguage\":\"pt-BR\",\"@id\":\"https:\\\/\\\/secure.gravatar.com\\\/avatar\\\/09cb6b76eee5612f7cfca9e0089e2f17141d417bd034905eee842945c87fd87f?s=96&d=mm&r=g\",\"url\":\"https:\\\/\\\/secure.gravatar.com\\\/avatar\\\/09cb6b76eee5612f7cfca9e0089e2f17141d417bd034905eee842945c87fd87f?s=96&d=mm&r=g\",\"contentUrl\":\"https:\\\/\\\/secure.gravatar.com\\\/avatar\\\/09cb6b76eee5612f7cfca9e0089e2f17141d417bd034905eee842945c87fd87f?s=96&d=mm&r=g\",\"caption\":\"Jornal Odemocrata\"},\"sameAs\":[\"http:\\\/\\\/odemocratagb.com\"],\"url\":\"https:\\\/\\\/www.odemocratagb.com\\\/?author=4\"}]}<\/script>\n<!-- \/ Yoast SEO plugin. -->","yoast_head_json":{"title":"Gabinete do DSP pede atas de voto e questiona entrada em vigor da Constitui\u00e7\u00e3o - O Democrata GB","robots":{"index":"index","follow":"follow","max-snippet":"max-snippet:-1","max-image-preview":"max-image-preview:large","max-video-preview":"max-video-preview:-1"},"canonical":"https:\/\/www.odemocratagb.com\/?p=58906","og_locale":"pt_BR","og_type":"article","og_title":"Gabinete do DSP pede atas de voto e questiona entrada em vigor da Constitui\u00e7\u00e3o - O Democrata GB","og_description":"O Gabinete do Presidente da Assembleia Nacional Popular (ANP), dissolvida em 2023, questionou a legalidade do referendo constitucional realizado a...","og_url":"https:\/\/www.odemocratagb.com\/?p=58906","og_site_name":"O Democrata GB","article_publisher":"https:\/\/www.facebook.com\/jornaldaguinebissau","article_published_time":"2026-09-04T14:30:26+00:00","article_modified_time":"2026-09-04T14:36:25+00:00","og_image":[{"width":1020,"height":574,"url":"https:\/\/www.odemocratagb.com\/wp-content\/uploads\/2026\/09\/a1ffa5ef-5aaf-4aac-a154-0ae1fa6565dc.jpeg","type":"image\/jpeg"}],"author":"Jornal Odemocrata","twitter_card":"summary_large_image","twitter_misc":{"Escrito por":"Jornal Odemocrata","Est. tempo de leitura":"4 minutos"},"schema":{"@context":"https:\/\/schema.org","@graph":[{"@type":"Article","@id":"https:\/\/www.odemocratagb.com\/?p=58906#article","isPartOf":{"@id":"https:\/\/www.odemocratagb.com\/?p=58906"},"author":{"name":"Jornal Odemocrata","@id":"https:\/\/www.odemocratagb.com\/#\/schema\/person\/c5e683adeaf9b557e57cf1a8a591b0c0"},"headline":"Gabinete do DSP pede atas de voto e questiona entrada em vigor da Constitui\u00e7\u00e3o","datePublished":"2026-09-04T14:30:26+00:00","dateModified":"2026-09-04T14:36:25+00:00","mainEntityOfPage":{"@id":"https:\/\/www.odemocratagb.com\/?p=58906"},"wordCount":604,"commentCount":0,"publisher":{"@id":"https:\/\/www.odemocratagb.com\/#organization"},"image":{"@id":"https:\/\/www.odemocratagb.com\/?p=58906#primaryimage"},"thumbnailUrl":"https:\/\/www.odemocratagb.com\/wp-content\/uploads\/2026\/09\/a1ffa5ef-5aaf-4aac-a154-0ae1fa6565dc.jpeg","articleSection":["Atualidade","Pol\u00edtica"],"inLanguage":"pt-BR","potentialAction":[{"@type":"CommentAction","name":"Comment","target":["https:\/\/www.odemocratagb.com\/?p=58906#respond"]}]},{"@type":"WebPage","@id":"https:\/\/www.odemocratagb.com\/?p=58906","url":"https:\/\/www.odemocratagb.com\/?p=58906","name":"Gabinete do DSP pede atas de voto e questiona entrada em vigor da Constitui\u00e7\u00e3o - O Democrata GB","isPartOf":{"@id":"https:\/\/www.odemocratagb.com\/#website"},"primaryImageOfPage":{"@id":"https:\/\/www.odemocratagb.com\/?p=58906#primaryimage"},"image":{"@id":"https:\/\/www.odemocratagb.com\/?p=58906#primaryimage"},"thumbnailUrl":"https:\/\/www.odemocratagb.com\/wp-content\/uploads\/2026\/09\/a1ffa5ef-5aaf-4aac-a154-0ae1fa6565dc.jpeg","datePublished":"2026-09-04T14:30:26+00:00","dateModified":"2026-09-04T14:36:25+00:00","breadcrumb":{"@id":"https:\/\/www.odemocratagb.com\/?p=58906#breadcrumb"},"inLanguage":"pt-BR","potentialAction":[{"@type":"ReadAction","target":["https:\/\/www.odemocratagb.com\/?p=58906"]}]},{"@type":"ImageObject","inLanguage":"pt-BR","@id":"https:\/\/www.odemocratagb.com\/?p=58906#primaryimage","url":"https:\/\/www.odemocratagb.com\/wp-content\/uploads\/2026\/09\/a1ffa5ef-5aaf-4aac-a154-0ae1fa6565dc.jpeg","contentUrl":"https:\/\/www.odemocratagb.com\/wp-content\/uploads\/2026\/09\/a1ffa5ef-5aaf-4aac-a154-0ae1fa6565dc.jpeg","width":1020,"height":574},{"@type":"BreadcrumbList","@id":"https:\/\/www.odemocratagb.com\/?p=58906#breadcrumb","itemListElement":[{"@type":"ListItem","position":1,"name":"In\u00edcio","item":"https:\/\/www.odemocratagb.com\/"},{"@type":"ListItem","position":2,"name":"Gabinete do DSP pede atas de voto e questiona entrada em vigor da Constitui\u00e7\u00e3o"}]},{"@type":"WebSite","@id":"https:\/\/www.odemocratagb.com\/#website","url":"https:\/\/www.odemocratagb.com\/","name":"O Democrata GB","description":"Jornal O Democrata GB","publisher":{"@id":"https:\/\/www.odemocratagb.com\/#organization"},"potentialAction":[{"@type":"SearchAction","target":{"@type":"EntryPoint","urlTemplate":"https:\/\/www.odemocratagb.com\/?s={search_term_string}"},"query-input":{"@type":"PropertyValueSpecification","valueRequired":true,"valueName":"search_term_string"}}],"inLanguage":"pt-BR"},{"@type":"Organization","@id":"https:\/\/www.odemocratagb.com\/#organization","name":"O Democrata GB","url":"https:\/\/www.odemocratagb.com\/","logo":{"@type":"ImageObject","inLanguage":"pt-BR","@id":"https:\/\/www.odemocratagb.com\/#\/schema\/logo\/image\/","url":"https:\/\/www.odemocratagb.com\/wp-content\/uploads\/2026\/04\/logo-odemocratagb.png","contentUrl":"https:\/\/www.odemocratagb.com\/wp-content\/uploads\/2026\/04\/logo-odemocratagb.png","width":1250,"height":327,"caption":"O Democrata GB"},"image":{"@id":"https:\/\/www.odemocratagb.com\/#\/schema\/logo\/image\/"},"sameAs":["https:\/\/www.facebook.com\/jornaldaguinebissau","https:\/\/www.instagram.com\/odemocratagb"]},{"@type":"Person","@id":"https:\/\/www.odemocratagb.com\/#\/schema\/person\/c5e683adeaf9b557e57cf1a8a591b0c0","name":"Jornal Odemocrata","image":{"@type":"ImageObject","inLanguage":"pt-BR","@id":"https:\/\/secure.gravatar.com\/avatar\/09cb6b76eee5612f7cfca9e0089e2f17141d417bd034905eee842945c87fd87f?s=96&d=mm&r=g","url":"https:\/\/secure.gravatar.com\/avatar\/09cb6b76eee5612f7cfca9e0089e2f17141d417bd034905eee842945c87fd87f?s=96&d=mm&r=g","contentUrl":"https:\/\/secure.gravatar.com\/avatar\/09cb6b76eee5612f7cfca9e0089e2f17141d417bd034905eee842945c87fd87f?s=96&d=mm&r=g","caption":"Jornal Odemocrata"},"sameAs":["http:\/\/odemocratagb.com"],"url":"https:\/\/www.odemocratagb.com\/?author=4"}]}},"_links":{"self":[{"href":"https:\/\/www.odemocratagb.com\/index.php?rest_route=\/wp\/v2\/posts\/58906","targetHints":{"allow":["GET"]}}],"collection":[{"href":"https:\/\/www.odemocratagb.com\/index.php?rest_route=\/wp\/v2\/posts"}],"about":[{"href":"https:\/\/www.odemocratagb.com\/index.php?rest_route=\/wp\/v2\/types\/post"}],"author":[{"embeddable":true,"href":"https:\/\/www.odemocratagb.com\/index.php?rest_route=\/wp\/v2\/users\/4"}],"replies":[{"embeddable":true,"href":"https:\/\/www.odemocratagb.com\/index.php?rest_route=%2Fwp%2Fv2%2Fcomments&post=58906"}],"version-history":[{"count":1,"href":"https:\/\/www.odemocratagb.com\/index.php?rest_route=\/wp\/v2\/posts\/58906\/revisions"}],"predecessor-version":[{"id":58908,"href":"https:\/\/www.odemocratagb.com\/index.php?rest_route=\/wp\/v2\/posts\/58906\/revisions\/58908"}],"wp:featuredmedia":[{"embeddable":true,"href":"https:\/\/www.odemocratagb.com\/index.php?rest_route=\/wp\/v2\/media\/58907"}],"wp:attachment":[{"href":"https:\/\/www.odemocratagb.com\/index.php?rest_route=%2Fwp%2Fv2%2Fmedia&parent=58906"}],"wp:term":[{"taxonomy":"category","embeddable":true,"href":"https:\/\/www.odemocratagb.com\/index.php?rest_route=%2Fwp%2Fv2%2Fcategories&post=58906"},{"taxonomy":"post_tag","embeddable":true,"href":"https:\/\/www.odemocratagb.com\/index.php?rest_route=%2Fwp%2Fv2%2Ftags&post=58906"}],"curies":[{"name":"wp","href":"https:\/\/api.w.org\/{rel}","templated":true}]}}