{"id":58916,"date":"2026-09-04T15:52:26","date_gmt":"2026-09-04T15:52:26","guid":{"rendered":"https:\/\/www.odemocratagb.com\/?p=58916"},"modified":"2026-09-04T15:59:27","modified_gmt":"2026-09-04T15:59:27","slug":"operacao-da-pj-resulta-na-captura-de-suspeitos-de-assaltos-a-mao-armada","status":"publish","type":"post","link":"https:\/\/www.odemocratagb.com\/?p=58916","title":{"rendered":"Opera\u00e7\u00e3o da PJ resulta na captura de suspeitos de assaltos \u00e0 m\u00e3o armada\u00a0"},"content":{"rendered":"\n<p class=\"wp-block-paragraph\">A Pol\u00edcia Judici\u00e1ria (PJ) deteve, na quarta-feira, 2 de setembro de 2026, seis indiv\u00edduos suspeitos de integrarem um grupo envolvido em assaltos \u00e0 m\u00e3o armada na cidade de Bissau. Durante a opera\u00e7\u00e3o, foram recuperados v\u00e1rios bens alegadamente roubados pelo grupo.<\/p>\n\n\n\n<p class=\"wp-block-paragraph\">A investiga\u00e7\u00e3o foi desencadeada ap\u00f3s a PJ receber uma den\u00fancia sobre um assalto ocorrido nas instala\u00e7\u00f5es da empresa AP-Trading, localizadas na zona industrial de Blola, em Bissau.<\/p>\n\n\n\n<p class=\"wp-block-paragraph\">Segundo informa\u00e7\u00f5es divulgadas pela Pol\u00edcia Judici\u00e1ria e consultadas pela reda\u00e7\u00e3o do Jornal O Democrata nesta sexta-feira, 4 de setembro de 2026, seis homens armados e encapuzados invadiram o estabelecimento em plena luz do dia, por volta das 16 horas, amea\u00e7ando os funcion\u00e1rios com armas de fogo e exigindo a entrega de dinheiro.<\/p>\n\n\n\n<p class=\"wp-block-paragraph\">De acordo com a mesma fonte, os suspeitos ter\u00e3o imobilizado as pessoas que se encontravam no local, incluindo um agente da Pol\u00edcia de Interven\u00e7\u00e3o R\u00e1pida (PIR), que efetuava compras na empresa. Durante a a\u00e7\u00e3o criminosa, os assaltantes efetuaram disparos com uma arma de fogo, presumivelmente uma pistola de fabrico artesanal.<\/p>\n\n\n\n<p class=\"wp-block-paragraph\">Na sequ\u00eancia dos disparos, um funcion\u00e1rio da empresa foi atingido por proj\u00e9teis de arma de fogo e sofreu ferimentos.<\/p>\n\n\n\n<p class=\"wp-block-paragraph\">Ap\u00f3s o assalto, os suspeitos colocaram-se em fuga, mas foram perseguidos por um militar que se encontrava nas proximidades e utilizou a sua viatura particular para os seguir. A persegui\u00e7\u00e3o prolongou-se at\u00e9 ao bairro de Lala Quema.<\/p>\n\n\n\n<p class=\"wp-block-paragraph\">Segundo a PJ, naquela zona os suspeitos abandonaram uma motorizada da marca TVS, de cor preta e sem matr\u00edcula. Junto ao ve\u00edculo foram encontrados v\u00e1rios objetos alegadamente utilizados na pr\u00e1tica do crime, entre os quais um colete laranja semelhante aos usados por mototaxistas, identificado com a inscri\u00e7\u00e3o da linha Cuntum-Madina (Ferra Sinho) e o n\u00famero 37.<\/p>\n\n\n\n<p class=\"wp-block-paragraph\">Na sequ\u00eancia da den\u00fancia, a Pol\u00edcia Judici\u00e1ria mobilizou a unidade especializada no combate a furtos, roubos e assaltos, que realizou diversas dilig\u00eancias para identificar e localizar os presum\u00edveis autores. As investiga\u00e7\u00f5es culminaram, na quarta-feira, com a deten\u00e7\u00e3o dos seis suspeitos e a recupera\u00e7\u00e3o de v\u00e1rios bens alegadamente subtra\u00eddos.<\/p>\n\n\n\n<p class=\"wp-block-paragraph\">A Pol\u00edcia Judici\u00e1ria informou que prossegue as investiga\u00e7\u00f5es para o completo esclarecimento dos factos, a recupera\u00e7\u00e3o de outros bens e o apuramento de eventuais liga\u00e7\u00f5es dos detidos a outros assaltos registados recentemente na capital.<\/p>\n\n\n\n<p class=\"wp-block-paragraph\">Os detidos dever\u00e3o ser apresentados \u00e0s autoridades judici\u00e1rias competentes para os procedimentos legais subsequentes.<\/p>\n\n\n\n<p class=\"wp-block-paragraph\"><\/p>\n\n\n\n<p class=\"wp-block-paragraph\"><\/p>\n\n\n\n<p class=\"wp-block-paragraph\"><\/p>\n\n\n\n<p class=\"wp-block-paragraph\"><strong>Por: Reda\u00e7\u00e3o<\/strong><\/p>\n","protected":false},"excerpt":{"rendered":"<p>A Pol\u00edcia Judici\u00e1ria (PJ) deteve, na quarta-feira, 2 de setembro de 2026, seis indiv\u00edduos suspeitos de integrarem um grupo envolvido&#8230;<\/p>\n","protected":false},"author":4,"featured_media":58919,"comment_status":"open","ping_status":"open","sticky":false,"template":"","format":"standard","meta":{"footnotes":""},"categories":[6,16],"tags":[],"class_list":["post-58916","post","type-post","status-publish","format-standard","has-post-thumbnail","hentry","category-inicio","category-sociedade","wpcat-6-id","wpcat-16-id"],"yoast_head":"<!-- This site is optimized with the Yoast SEO plugin v27.5 - https:\/\/yoast.com\/product\/yoast-seo-wordpress\/ -->\n<title>Opera\u00e7\u00e3o da PJ resulta na captura de suspeitos de assaltos \u00e0 m\u00e3o armada\u00a0 - O Democrata GB<\/title>\n<meta name=\"robots\" content=\"index, follow, max-snippet:-1, max-image-preview:large, max-video-preview:-1\" \/>\n<link rel=\"canonical\" href=\"https:\/\/www.odemocratagb.com\/?p=58916\" \/>\n<meta property=\"og:locale\" content=\"pt_BR\" \/>\n<meta property=\"og:type\" content=\"article\" \/>\n<meta property=\"og:title\" content=\"Opera\u00e7\u00e3o da PJ resulta na captura de suspeitos de assaltos \u00e0 m\u00e3o armada\u00a0 - O Democrata GB\" \/>\n<meta property=\"og:description\" content=\"A Pol\u00edcia Judici\u00e1ria (PJ) deteve, na quarta-feira, 2 de setembro de 2026, seis indiv\u00edduos suspeitos de integrarem um grupo envolvido...\" \/>\n<meta property=\"og:url\" content=\"https:\/\/www.odemocratagb.com\/?p=58916\" \/>\n<meta property=\"og:site_name\" content=\"O Democrata GB\" \/>\n<meta property=\"article:publisher\" content=\"https:\/\/www.facebook.com\/jornaldaguinebissau\" \/>\n<meta property=\"article:published_time\" content=\"2026-09-04T15:52:26+00:00\" \/>\n<meta property=\"article:modified_time\" content=\"2026-09-04T15:59:27+00:00\" \/>\n<meta property=\"og:image\" content=\"https:\/\/www.odemocratagb.com\/wp-content\/uploads\/2026\/09\/IMG_3286-1-scaled.jpeg\" \/>\n\t<meta property=\"og:image:width\" content=\"2560\" \/>\n\t<meta property=\"og:image:height\" content=\"1683\" \/>\n\t<meta property=\"og:image:type\" content=\"image\/jpeg\" \/>\n<meta name=\"author\" content=\"Jornal Odemocrata\" \/>\n<meta name=\"twitter:card\" content=\"summary_large_image\" \/>\n<meta name=\"twitter:label1\" content=\"Escrito por\" \/>\n\t<meta name=\"twitter:data1\" content=\"Jornal Odemocrata\" \/>\n\t<meta name=\"twitter:label2\" content=\"Est. tempo de leitura\" \/>\n\t<meta name=\"twitter:data2\" content=\"3 minutos\" \/>\n<script type=\"application\/ld+json\" class=\"yoast-schema-graph\">{\"@context\":\"https:\\\/\\\/schema.org\",\"@graph\":[{\"@type\":\"Article\",\"@id\":\"https:\\\/\\\/www.odemocratagb.com\\\/?p=58916#article\",\"isPartOf\":{\"@id\":\"https:\\\/\\\/www.odemocratagb.com\\\/?p=58916\"},\"author\":{\"name\":\"Jornal Odemocrata\",\"@id\":\"https:\\\/\\\/www.odemocratagb.com\\\/#\\\/schema\\\/person\\\/c5e683adeaf9b557e57cf1a8a591b0c0\"},\"headline\":\"Opera\u00e7\u00e3o da PJ resulta na captura de suspeitos de assaltos \u00e0 m\u00e3o armada\u00a0\",\"datePublished\":\"2026-09-04T15:52:26+00:00\",\"dateModified\":\"2026-09-04T15:59:27+00:00\",\"mainEntityOfPage\":{\"@id\":\"https:\\\/\\\/www.odemocratagb.com\\\/?p=58916\"},\"wordCount\":437,\"commentCount\":0,\"publisher\":{\"@id\":\"https:\\\/\\\/www.odemocratagb.com\\\/#organization\"},\"image\":{\"@id\":\"https:\\\/\\\/www.odemocratagb.com\\\/?p=58916#primaryimage\"},\"thumbnailUrl\":\"https:\\\/\\\/www.odemocratagb.com\\\/wp-content\\\/uploads\\\/2026\\\/09\\\/IMG_3286-1-scaled.jpeg\",\"articleSection\":[\"Atualidade\",\"Sociedade\"],\"inLanguage\":\"pt-BR\",\"potentialAction\":[{\"@type\":\"CommentAction\",\"name\":\"Comment\",\"target\":[\"https:\\\/\\\/www.odemocratagb.com\\\/?p=58916#respond\"]}]},{\"@type\":\"WebPage\",\"@id\":\"https:\\\/\\\/www.odemocratagb.com\\\/?p=58916\",\"url\":\"https:\\\/\\\/www.odemocratagb.com\\\/?p=58916\",\"name\":\"Opera\u00e7\u00e3o da PJ resulta na captura de suspeitos de assaltos \u00e0 m\u00e3o armada\u00a0 - O Democrata GB\",\"isPartOf\":{\"@id\":\"https:\\\/\\\/www.odemocratagb.com\\\/#website\"},\"primaryImageOfPage\":{\"@id\":\"https:\\\/\\\/www.odemocratagb.com\\\/?p=58916#primaryimage\"},\"image\":{\"@id\":\"https:\\\/\\\/www.odemocratagb.com\\\/?p=58916#primaryimage\"},\"thumbnailUrl\":\"https:\\\/\\\/www.odemocratagb.com\\\/wp-content\\\/uploads\\\/2026\\\/09\\\/IMG_3286-1-scaled.jpeg\",\"datePublished\":\"2026-09-04T15:52:26+00:00\",\"dateModified\":\"2026-09-04T15:59:27+00:00\",\"breadcrumb\":{\"@id\":\"https:\\\/\\\/www.odemocratagb.com\\\/?p=58916#breadcrumb\"},\"inLanguage\":\"pt-BR\",\"potentialAction\":[{\"@type\":\"ReadAction\",\"target\":[\"https:\\\/\\\/www.odemocratagb.com\\\/?p=58916\"]}]},{\"@type\":\"ImageObject\",\"inLanguage\":\"pt-BR\",\"@id\":\"https:\\\/\\\/www.odemocratagb.com\\\/?p=58916#primaryimage\",\"url\":\"https:\\\/\\\/www.odemocratagb.com\\\/wp-content\\\/uploads\\\/2026\\\/09\\\/IMG_3286-1-scaled.jpeg\",\"contentUrl\":\"https:\\\/\\\/www.odemocratagb.com\\\/wp-content\\\/uploads\\\/2026\\\/09\\\/IMG_3286-1-scaled.jpeg\",\"width\":2560,\"height\":1683,\"caption\":\"Edif\u00cccio sede da Pol\u00cccia Judici\u00b7ria inaugurada hoje em Bissau, 3 de Fevereiro de 2009, na Guin\u00c8-Bissau. MARISA SERAFIM\\\/LUSA\"},{\"@type\":\"BreadcrumbList\",\"@id\":\"https:\\\/\\\/www.odemocratagb.com\\\/?p=58916#breadcrumb\",\"itemListElement\":[{\"@type\":\"ListItem\",\"position\":1,\"name\":\"In\u00edcio\",\"item\":\"https:\\\/\\\/www.odemocratagb.com\\\/\"},{\"@type\":\"ListItem\",\"position\":2,\"name\":\"Opera\u00e7\u00e3o da PJ resulta na captura de suspeitos de assaltos \u00e0 m\u00e3o armada\u00a0\"}]},{\"@type\":\"WebSite\",\"@id\":\"https:\\\/\\\/www.odemocratagb.com\\\/#website\",\"url\":\"https:\\\/\\\/www.odemocratagb.com\\\/\",\"name\":\"O Democrata GB\",\"description\":\"Jornal O Democrata GB\",\"publisher\":{\"@id\":\"https:\\\/\\\/www.odemocratagb.com\\\/#organization\"},\"potentialAction\":[{\"@type\":\"SearchAction\",\"target\":{\"@type\":\"EntryPoint\",\"urlTemplate\":\"https:\\\/\\\/www.odemocratagb.com\\\/?s={search_term_string}\"},\"query-input\":{\"@type\":\"PropertyValueSpecification\",\"valueRequired\":true,\"valueName\":\"search_term_string\"}}],\"inLanguage\":\"pt-BR\"},{\"@type\":\"Organization\",\"@id\":\"https:\\\/\\\/www.odemocratagb.com\\\/#organization\",\"name\":\"O Democrata GB\",\"url\":\"https:\\\/\\\/www.odemocratagb.com\\\/\",\"logo\":{\"@type\":\"ImageObject\",\"inLanguage\":\"pt-BR\",\"@id\":\"https:\\\/\\\/www.odemocratagb.com\\\/#\\\/schema\\\/logo\\\/image\\\/\",\"url\":\"https:\\\/\\\/www.odemocratagb.com\\\/wp-content\\\/uploads\\\/2026\\\/04\\\/logo-odemocratagb.png\",\"contentUrl\":\"https:\\\/\\\/www.odemocratagb.com\\\/wp-content\\\/uploads\\\/2026\\\/04\\\/logo-odemocratagb.png\",\"width\":1250,\"height\":327,\"caption\":\"O Democrata GB\"},\"image\":{\"@id\":\"https:\\\/\\\/www.odemocratagb.com\\\/#\\\/schema\\\/logo\\\/image\\\/\"},\"sameAs\":[\"https:\\\/\\\/www.facebook.com\\\/jornaldaguinebissau\",\"https:\\\/\\\/www.instagram.com\\\/odemocratagb\"]},{\"@type\":\"Person\",\"@id\":\"https:\\\/\\\/www.odemocratagb.com\\\/#\\\/schema\\\/person\\\/c5e683adeaf9b557e57cf1a8a591b0c0\",\"name\":\"Jornal Odemocrata\",\"image\":{\"@type\":\"ImageObject\",\"inLanguage\":\"pt-BR\",\"@id\":\"https:\\\/\\\/secure.gravatar.com\\\/avatar\\\/09cb6b76eee5612f7cfca9e0089e2f17141d417bd034905eee842945c87fd87f?s=96&d=mm&r=g\",\"url\":\"https:\\\/\\\/secure.gravatar.com\\\/avatar\\\/09cb6b76eee5612f7cfca9e0089e2f17141d417bd034905eee842945c87fd87f?s=96&d=mm&r=g\",\"contentUrl\":\"https:\\\/\\\/secure.gravatar.com\\\/avatar\\\/09cb6b76eee5612f7cfca9e0089e2f17141d417bd034905eee842945c87fd87f?s=96&d=mm&r=g\",\"caption\":\"Jornal Odemocrata\"},\"sameAs\":[\"http:\\\/\\\/odemocratagb.com\"],\"url\":\"https:\\\/\\\/www.odemocratagb.com\\\/?author=4\"}]}<\/script>\n<!-- \/ Yoast SEO plugin. -->","yoast_head_json":{"title":"Opera\u00e7\u00e3o da PJ resulta na captura de suspeitos de assaltos \u00e0 m\u00e3o armada\u00a0 - O Democrata GB","robots":{"index":"index","follow":"follow","max-snippet":"max-snippet:-1","max-image-preview":"max-image-preview:large","max-video-preview":"max-video-preview:-1"},"canonical":"https:\/\/www.odemocratagb.com\/?p=58916","og_locale":"pt_BR","og_type":"article","og_title":"Opera\u00e7\u00e3o da PJ resulta na captura de suspeitos de assaltos \u00e0 m\u00e3o armada\u00a0 - O Democrata GB","og_description":"A Pol\u00edcia Judici\u00e1ria (PJ) deteve, na quarta-feira, 2 de setembro de 2026, seis indiv\u00edduos suspeitos de integrarem um grupo envolvido...","og_url":"https:\/\/www.odemocratagb.com\/?p=58916","og_site_name":"O Democrata GB","article_publisher":"https:\/\/www.facebook.com\/jornaldaguinebissau","article_published_time":"2026-09-04T15:52:26+00:00","article_modified_time":"2026-09-04T15:59:27+00:00","og_image":[{"width":2560,"height":1683,"url":"https:\/\/www.odemocratagb.com\/wp-content\/uploads\/2026\/09\/IMG_3286-1-scaled.jpeg","type":"image\/jpeg"}],"author":"Jornal Odemocrata","twitter_card":"summary_large_image","twitter_misc":{"Escrito por":"Jornal Odemocrata","Est. tempo de leitura":"3 minutos"},"schema":{"@context":"https:\/\/schema.org","@graph":[{"@type":"Article","@id":"https:\/\/www.odemocratagb.com\/?p=58916#article","isPartOf":{"@id":"https:\/\/www.odemocratagb.com\/?p=58916"},"author":{"name":"Jornal Odemocrata","@id":"https:\/\/www.odemocratagb.com\/#\/schema\/person\/c5e683adeaf9b557e57cf1a8a591b0c0"},"headline":"Opera\u00e7\u00e3o da PJ resulta na captura de suspeitos de assaltos \u00e0 m\u00e3o armada\u00a0","datePublished":"2026-09-04T15:52:26+00:00","dateModified":"2026-09-04T15:59:27+00:00","mainEntityOfPage":{"@id":"https:\/\/www.odemocratagb.com\/?p=58916"},"wordCount":437,"commentCount":0,"publisher":{"@id":"https:\/\/www.odemocratagb.com\/#organization"},"image":{"@id":"https:\/\/www.odemocratagb.com\/?p=58916#primaryimage"},"thumbnailUrl":"https:\/\/www.odemocratagb.com\/wp-content\/uploads\/2026\/09\/IMG_3286-1-scaled.jpeg","articleSection":["Atualidade","Sociedade"],"inLanguage":"pt-BR","potentialAction":[{"@type":"CommentAction","name":"Comment","target":["https:\/\/www.odemocratagb.com\/?p=58916#respond"]}]},{"@type":"WebPage","@id":"https:\/\/www.odemocratagb.com\/?p=58916","url":"https:\/\/www.odemocratagb.com\/?p=58916","name":"Opera\u00e7\u00e3o da PJ resulta na captura de suspeitos de assaltos \u00e0 m\u00e3o armada\u00a0 - O Democrata GB","isPartOf":{"@id":"https:\/\/www.odemocratagb.com\/#website"},"primaryImageOfPage":{"@id":"https:\/\/www.odemocratagb.com\/?p=58916#primaryimage"},"image":{"@id":"https:\/\/www.odemocratagb.com\/?p=58916#primaryimage"},"thumbnailUrl":"https:\/\/www.odemocratagb.com\/wp-content\/uploads\/2026\/09\/IMG_3286-1-scaled.jpeg","datePublished":"2026-09-04T15:52:26+00:00","dateModified":"2026-09-04T15:59:27+00:00","breadcrumb":{"@id":"https:\/\/www.odemocratagb.com\/?p=58916#breadcrumb"},"inLanguage":"pt-BR","potentialAction":[{"@type":"ReadAction","target":["https:\/\/www.odemocratagb.com\/?p=58916"]}]},{"@type":"ImageObject","inLanguage":"pt-BR","@id":"https:\/\/www.odemocratagb.com\/?p=58916#primaryimage","url":"https:\/\/www.odemocratagb.com\/wp-content\/uploads\/2026\/09\/IMG_3286-1-scaled.jpeg","contentUrl":"https:\/\/www.odemocratagb.com\/wp-content\/uploads\/2026\/09\/IMG_3286-1-scaled.jpeg","width":2560,"height":1683,"caption":"Edif\u00cccio sede da Pol\u00cccia Judici\u00b7ria inaugurada hoje em Bissau, 3 de Fevereiro de 2009, na Guin\u00c8-Bissau. MARISA SERAFIM\/LUSA"},{"@type":"BreadcrumbList","@id":"https:\/\/www.odemocratagb.com\/?p=58916#breadcrumb","itemListElement":[{"@type":"ListItem","position":1,"name":"In\u00edcio","item":"https:\/\/www.odemocratagb.com\/"},{"@type":"ListItem","position":2,"name":"Opera\u00e7\u00e3o da PJ resulta na captura de suspeitos de assaltos \u00e0 m\u00e3o armada\u00a0"}]},{"@type":"WebSite","@id":"https:\/\/www.odemocratagb.com\/#website","url":"https:\/\/www.odemocratagb.com\/","name":"O Democrata GB","description":"Jornal O Democrata GB","publisher":{"@id":"https:\/\/www.odemocratagb.com\/#organization"},"potentialAction":[{"@type":"SearchAction","target":{"@type":"EntryPoint","urlTemplate":"https:\/\/www.odemocratagb.com\/?s={search_term_string}"},"query-input":{"@type":"PropertyValueSpecification","valueRequired":true,"valueName":"search_term_string"}}],"inLanguage":"pt-BR"},{"@type":"Organization","@id":"https:\/\/www.odemocratagb.com\/#organization","name":"O Democrata GB","url":"https:\/\/www.odemocratagb.com\/","logo":{"@type":"ImageObject","inLanguage":"pt-BR","@id":"https:\/\/www.odemocratagb.com\/#\/schema\/logo\/image\/","url":"https:\/\/www.odemocratagb.com\/wp-content\/uploads\/2026\/04\/logo-odemocratagb.png","contentUrl":"https:\/\/www.odemocratagb.com\/wp-content\/uploads\/2026\/04\/logo-odemocratagb.png","width":1250,"height":327,"caption":"O Democrata GB"},"image":{"@id":"https:\/\/www.odemocratagb.com\/#\/schema\/logo\/image\/"},"sameAs":["https:\/\/www.facebook.com\/jornaldaguinebissau","https:\/\/www.instagram.com\/odemocratagb"]},{"@type":"Person","@id":"https:\/\/www.odemocratagb.com\/#\/schema\/person\/c5e683adeaf9b557e57cf1a8a591b0c0","name":"Jornal Odemocrata","image":{"@type":"ImageObject","inLanguage":"pt-BR","@id":"https:\/\/secure.gravatar.com\/avatar\/09cb6b76eee5612f7cfca9e0089e2f17141d417bd034905eee842945c87fd87f?s=96&d=mm&r=g","url":"https:\/\/secure.gravatar.com\/avatar\/09cb6b76eee5612f7cfca9e0089e2f17141d417bd034905eee842945c87fd87f?s=96&d=mm&r=g","contentUrl":"https:\/\/secure.gravatar.com\/avatar\/09cb6b76eee5612f7cfca9e0089e2f17141d417bd034905eee842945c87fd87f?s=96&d=mm&r=g","caption":"Jornal Odemocrata"},"sameAs":["http:\/\/odemocratagb.com"],"url":"https:\/\/www.odemocratagb.com\/?author=4"}]}},"_links":{"self":[{"href":"https:\/\/www.odemocratagb.com\/index.php?rest_route=\/wp\/v2\/posts\/58916","targetHints":{"allow":["GET"]}}],"collection":[{"href":"https:\/\/www.odemocratagb.com\/index.php?rest_route=\/wp\/v2\/posts"}],"about":[{"href":"https:\/\/www.odemocratagb.com\/index.php?rest_route=\/wp\/v2\/types\/post"}],"author":[{"embeddable":true,"href":"https:\/\/www.odemocratagb.com\/index.php?rest_route=\/wp\/v2\/users\/4"}],"replies":[{"embeddable":true,"href":"https:\/\/www.odemocratagb.com\/index.php?rest_route=%2Fwp%2Fv2%2Fcomments&post=58916"}],"version-history":[{"count":1,"href":"https:\/\/www.odemocratagb.com\/index.php?rest_route=\/wp\/v2\/posts\/58916\/revisions"}],"predecessor-version":[{"id":58917,"href":"https:\/\/www.odemocratagb.com\/index.php?rest_route=\/wp\/v2\/posts\/58916\/revisions\/58917"}],"wp:featuredmedia":[{"embeddable":true,"href":"https:\/\/www.odemocratagb.com\/index.php?rest_route=\/wp\/v2\/media\/58919"}],"wp:attachment":[{"href":"https:\/\/www.odemocratagb.com\/index.php?rest_route=%2Fwp%2Fv2%2Fmedia&parent=58916"}],"wp:term":[{"taxonomy":"category","embeddable":true,"href":"https:\/\/www.odemocratagb.com\/index.php?rest_route=%2Fwp%2Fv2%2Fcategories&post=58916"},{"taxonomy":"post_tag","embeddable":true,"href":"https:\/\/www.odemocratagb.com\/index.php?rest_route=%2Fwp%2Fv2%2Ftags&post=58916"}],"curies":[{"name":"wp","href":"https:\/\/api.w.org\/{rel}","templated":true}]}}