{"id":58934,"date":"2026-09-06T07:17:28","date_gmt":"2026-09-06T07:17:28","guid":{"rendered":"https:\/\/www.odemocratagb.com\/?p=58934"},"modified":"2026-09-06T07:18:21","modified_gmt":"2026-09-06T07:18:21","slug":"tombali-une-diversidade-etnica-e-cultura-no-lancamento-do-festombali","status":"publish","type":"post","link":"https:\/\/www.odemocratagb.com\/?p=58934","title":{"rendered":"Tombali une diversidade \u00e9tnica e cultura no lan\u00e7amento do FESTOMBALI"},"content":{"rendered":"\n<p class=\"wp-block-paragraph\">O coordenador-geral da Comiss\u00e3o FESTOMBALI, Ant\u00f3nio Patroc\u00ednio Barbosa, afirmou este s\u00e1bado, 5 de setembro de 2026, em Cati\u00f3, que a cultura &#8220;n\u00e3o \u00e9 apenas tocar e dan\u00e7ar&#8221;, mas tamb\u00e9m engloba a forma de vestir, os chap\u00e9us, o cal\u00e7ado e os modos de cumprimentar.<\/p>\n\n\n\n<p class=\"wp-block-paragraph\">As declara\u00e7\u00f5es foram feitas durante a cerim\u00f3nia oficial de lan\u00e7amento do FESTOMBALI, que decorrer\u00e1 nos dias 26, 27, 28 e&nbsp;29 de novembro de 2026, na regi\u00e3o de Tombali, concretamente na cidade de Cati\u00f3.<\/p>\n\n\n\n<p class=\"wp-block-paragraph\">O evento contou com a presen\u00e7a da Dire\u00e7\u00e3o-Geral da Cultura, de representantes do poder tradicional, bem como de filhos e amigos de Tombali. Para este domingo, 6 de setembro, est\u00e1 igualmente prevista a comemora\u00e7\u00e3o do Dia de Cati\u00f3.<\/p>\n\n\n\n<p class=\"wp-block-paragraph\">Segundo Ant\u00f3nio Patroc\u00ednio Barbosa, o FESTOMBALI ir\u00e1 integrar todos os setores que comp\u00f5em a regi\u00e3o de Tombali.<\/p>\n\n\n\n<p class=\"wp-block-paragraph\">O coordenador-geral apelou ainda \u00e0 mobiliza\u00e7\u00e3o e colabora\u00e7\u00e3o dos filhos da regi\u00e3o, defendendo que Tombali deve afirmar-se como uma das capitais da cultura na Guin\u00e9-Bissau.<\/p>\n\n\n\n<p class=\"wp-block-paragraph\">&#8220;Nos eixos de Sabores e Saberes, queremos criar um mercado para a comercializa\u00e7\u00e3o dos nossos produtos tradicionais, permitindo que os visitantes conhe\u00e7am o que de melhor temos na regi\u00e3o&#8221;, afirmou.<\/p>\n\n\n\n<p class=\"wp-block-paragraph\">Ant\u00f3nio Patroc\u00ednio Barbosa acrescentou que a organiza\u00e7\u00e3o n\u00e3o permitir\u00e1 que a juventude seja arrastada para caminhos incertos.<\/p>\n\n\n\n<p class=\"wp-block-paragraph\">Segundo o respons\u00e1vel, os jovens devem desenvolver um novo olhar sobre Cati\u00f3 e sobre o potencial de desenvolvimento da regi\u00e3o.<\/p>\n\n\n\n<p class=\"wp-block-paragraph\">Por sua vez, o diretor-geral da Cultura, Armando Correia, alertou para a perda de identidade cultural, que atribuiu \u00e0 insuficiente promo\u00e7\u00e3o de encontros e manifesta\u00e7\u00f5es culturais.<\/p>\n\n\n\n<p class=\"wp-block-paragraph\">&#8220;O nosso compromisso \u00e9 transmitir tudo aquilo que sabemos sobre a cultura. Podem contar comigo. Queremos caminhar ao lado de todas as pessoas que trabalham pelo avan\u00e7o da cultura&#8221;, declarou.<\/p>\n\n\n\n<p class=\"wp-block-paragraph\">Por fim, o governador da regi\u00e3o de Tombali, Djalilo Darame, afirmou que o objetivo \u00e9 transformar o FESTOMBALI numa marca capaz de projetar o nome de Tombali al\u00e9m-fronteiras e gerar benef\u00edcios para as fam\u00edlias da regi\u00e3o.<\/p>\n\n\n\n<p class=\"wp-block-paragraph\">O governador apelou ao povo de Tombali para manter a cabe\u00e7a erguida, sublinhando que a diversidade constitui a principal for\u00e7a da regi\u00e3o e que a cultura representa o seu futuro.<\/p>\n\n\n\n<p class=\"wp-block-paragraph\">&#8220;Aqui est\u00e1 o Balanta com a sua for\u00e7a na terra e no djambadon. Aqui est\u00e1 o Nalu com a sua sabedoria nos rios e mangais. Aqui est\u00e1 o Sussu com a sua din\u00e2mica no com\u00e9rcio. Aqui est\u00e1 o Bijag\u00f3 com a sua liga\u00e7\u00e3o sagrada ao mar e \u00e0s ilhas. Aqui est\u00e1 o Manjaco com a sua resist\u00eancia no trabalho. Aqui est\u00e1 o Fula com a sua tradi\u00e7\u00e3o na pastor\u00edcia e na m\u00fasica. Aqui est\u00e1 o Mandinga com a hist\u00f3ria viva dos griots. Aqui est\u00e1 o Tanda com a alegria na dan\u00e7a. Tombali \u00e9 assim: muitas etnias, um s\u00f3 cora\u00e7\u00e3o. Esta \u00e9 a nossa maior riqueza: a biodiversidade cultural e \u00e9tnica&#8221;, afirmou.<\/p>\n\n\n\n<p class=\"wp-block-paragraph\"><\/p>\n\n\n\n<p class=\"wp-block-paragraph\"><\/p>\n\n\n\n<p class=\"wp-block-paragraph\"><\/p>\n\n\n\n<p class=\"wp-block-paragraph\"><strong>Por: Natcha M\u00e1rio M&#8217;Bund\u00e9<\/strong><\/p>\n","protected":false},"excerpt":{"rendered":"<p>O coordenador-geral da Comiss\u00e3o FESTOMBALI, Ant\u00f3nio Patroc\u00ednio Barbosa, afirmou este s\u00e1bado, 5 de setembro de 2026, em Cati\u00f3, que a&#8230;<\/p>\n","protected":false},"author":4,"featured_media":58935,"comment_status":"open","ping_status":"open","sticky":false,"template":"","format":"standard","meta":{"footnotes":""},"categories":[27],"tags":[],"class_list":["post-58934","post","type-post","status-publish","format-standard","has-post-thumbnail","hentry","category-cultura","wpcat-27-id"],"yoast_head":"<!-- This site is optimized with the Yoast SEO plugin v27.5 - https:\/\/yoast.com\/product\/yoast-seo-wordpress\/ -->\n<title>Tombali une diversidade \u00e9tnica e cultura no lan\u00e7amento do FESTOMBALI - O Democrata GB<\/title>\n<meta name=\"robots\" content=\"index, follow, max-snippet:-1, max-image-preview:large, max-video-preview:-1\" \/>\n<link rel=\"canonical\" href=\"https:\/\/www.odemocratagb.com\/?p=58934\" \/>\n<meta property=\"og:locale\" content=\"pt_BR\" \/>\n<meta property=\"og:type\" content=\"article\" \/>\n<meta property=\"og:title\" content=\"Tombali une diversidade \u00e9tnica e cultura no lan\u00e7amento do FESTOMBALI - O Democrata GB\" \/>\n<meta property=\"og:description\" content=\"O coordenador-geral da Comiss\u00e3o FESTOMBALI, Ant\u00f3nio Patroc\u00ednio Barbosa, afirmou este s\u00e1bado, 5 de setembro de 2026, em Cati\u00f3, que a...\" \/>\n<meta property=\"og:url\" content=\"https:\/\/www.odemocratagb.com\/?p=58934\" \/>\n<meta property=\"og:site_name\" content=\"O Democrata GB\" \/>\n<meta property=\"article:publisher\" content=\"https:\/\/www.facebook.com\/jornaldaguinebissau\" \/>\n<meta property=\"article:published_time\" content=\"2026-09-06T07:17:28+00:00\" \/>\n<meta property=\"article:modified_time\" content=\"2026-09-06T07:18:21+00:00\" \/>\n<meta property=\"og:image\" content=\"https:\/\/www.odemocratagb.com\/wp-content\/uploads\/2026\/09\/a26ff942-e091-4e85-989c-ed8be7b470b8.jpeg\" \/>\n\t<meta property=\"og:image:width\" content=\"1008\" \/>\n\t<meta property=\"og:image:height\" content=\"567\" \/>\n\t<meta property=\"og:image:type\" content=\"image\/jpeg\" \/>\n<meta name=\"author\" content=\"Jornal Odemocrata\" \/>\n<meta name=\"twitter:card\" content=\"summary_large_image\" \/>\n<meta name=\"twitter:label1\" content=\"Escrito por\" \/>\n\t<meta name=\"twitter:data1\" content=\"Jornal Odemocrata\" \/>\n\t<meta name=\"twitter:label2\" content=\"Est. tempo de leitura\" \/>\n\t<meta name=\"twitter:data2\" content=\"3 minutos\" \/>\n<script type=\"application\/ld+json\" class=\"yoast-schema-graph\">{\"@context\":\"https:\\\/\\\/schema.org\",\"@graph\":[{\"@type\":\"Article\",\"@id\":\"https:\\\/\\\/www.odemocratagb.com\\\/?p=58934#article\",\"isPartOf\":{\"@id\":\"https:\\\/\\\/www.odemocratagb.com\\\/?p=58934\"},\"author\":{\"name\":\"Jornal Odemocrata\",\"@id\":\"https:\\\/\\\/www.odemocratagb.com\\\/#\\\/schema\\\/person\\\/c5e683adeaf9b557e57cf1a8a591b0c0\"},\"headline\":\"Tombali une diversidade \u00e9tnica e cultura no lan\u00e7amento do FESTOMBALI\",\"datePublished\":\"2026-09-06T07:17:28+00:00\",\"dateModified\":\"2026-09-06T07:18:21+00:00\",\"mainEntityOfPage\":{\"@id\":\"https:\\\/\\\/www.odemocratagb.com\\\/?p=58934\"},\"wordCount\":515,\"commentCount\":0,\"publisher\":{\"@id\":\"https:\\\/\\\/www.odemocratagb.com\\\/#organization\"},\"image\":{\"@id\":\"https:\\\/\\\/www.odemocratagb.com\\\/?p=58934#primaryimage\"},\"thumbnailUrl\":\"https:\\\/\\\/www.odemocratagb.com\\\/wp-content\\\/uploads\\\/2026\\\/09\\\/a26ff942-e091-4e85-989c-ed8be7b470b8.jpeg\",\"articleSection\":[\"Cultura\"],\"inLanguage\":\"pt-BR\",\"potentialAction\":[{\"@type\":\"CommentAction\",\"name\":\"Comment\",\"target\":[\"https:\\\/\\\/www.odemocratagb.com\\\/?p=58934#respond\"]}]},{\"@type\":\"WebPage\",\"@id\":\"https:\\\/\\\/www.odemocratagb.com\\\/?p=58934\",\"url\":\"https:\\\/\\\/www.odemocratagb.com\\\/?p=58934\",\"name\":\"Tombali une diversidade \u00e9tnica e cultura no lan\u00e7amento do FESTOMBALI - O Democrata GB\",\"isPartOf\":{\"@id\":\"https:\\\/\\\/www.odemocratagb.com\\\/#website\"},\"primaryImageOfPage\":{\"@id\":\"https:\\\/\\\/www.odemocratagb.com\\\/?p=58934#primaryimage\"},\"image\":{\"@id\":\"https:\\\/\\\/www.odemocratagb.com\\\/?p=58934#primaryimage\"},\"thumbnailUrl\":\"https:\\\/\\\/www.odemocratagb.com\\\/wp-content\\\/uploads\\\/2026\\\/09\\\/a26ff942-e091-4e85-989c-ed8be7b470b8.jpeg\",\"datePublished\":\"2026-09-06T07:17:28+00:00\",\"dateModified\":\"2026-09-06T07:18:21+00:00\",\"breadcrumb\":{\"@id\":\"https:\\\/\\\/www.odemocratagb.com\\\/?p=58934#breadcrumb\"},\"inLanguage\":\"pt-BR\",\"potentialAction\":[{\"@type\":\"ReadAction\",\"target\":[\"https:\\\/\\\/www.odemocratagb.com\\\/?p=58934\"]}]},{\"@type\":\"ImageObject\",\"inLanguage\":\"pt-BR\",\"@id\":\"https:\\\/\\\/www.odemocratagb.com\\\/?p=58934#primaryimage\",\"url\":\"https:\\\/\\\/www.odemocratagb.com\\\/wp-content\\\/uploads\\\/2026\\\/09\\\/a26ff942-e091-4e85-989c-ed8be7b470b8.jpeg\",\"contentUrl\":\"https:\\\/\\\/www.odemocratagb.com\\\/wp-content\\\/uploads\\\/2026\\\/09\\\/a26ff942-e091-4e85-989c-ed8be7b470b8.jpeg\",\"width\":1008,\"height\":567},{\"@type\":\"BreadcrumbList\",\"@id\":\"https:\\\/\\\/www.odemocratagb.com\\\/?p=58934#breadcrumb\",\"itemListElement\":[{\"@type\":\"ListItem\",\"position\":1,\"name\":\"In\u00edcio\",\"item\":\"https:\\\/\\\/www.odemocratagb.com\\\/\"},{\"@type\":\"ListItem\",\"position\":2,\"name\":\"Tombali une diversidade \u00e9tnica e cultura no lan\u00e7amento do FESTOMBALI\"}]},{\"@type\":\"WebSite\",\"@id\":\"https:\\\/\\\/www.odemocratagb.com\\\/#website\",\"url\":\"https:\\\/\\\/www.odemocratagb.com\\\/\",\"name\":\"O Democrata GB\",\"description\":\"Jornal O Democrata GB\",\"publisher\":{\"@id\":\"https:\\\/\\\/www.odemocratagb.com\\\/#organization\"},\"potentialAction\":[{\"@type\":\"SearchAction\",\"target\":{\"@type\":\"EntryPoint\",\"urlTemplate\":\"https:\\\/\\\/www.odemocratagb.com\\\/?s={search_term_string}\"},\"query-input\":{\"@type\":\"PropertyValueSpecification\",\"valueRequired\":true,\"valueName\":\"search_term_string\"}}],\"inLanguage\":\"pt-BR\"},{\"@type\":\"Organization\",\"@id\":\"https:\\\/\\\/www.odemocratagb.com\\\/#organization\",\"name\":\"O Democrata GB\",\"url\":\"https:\\\/\\\/www.odemocratagb.com\\\/\",\"logo\":{\"@type\":\"ImageObject\",\"inLanguage\":\"pt-BR\",\"@id\":\"https:\\\/\\\/www.odemocratagb.com\\\/#\\\/schema\\\/logo\\\/image\\\/\",\"url\":\"https:\\\/\\\/www.odemocratagb.com\\\/wp-content\\\/uploads\\\/2026\\\/04\\\/logo-odemocratagb.png\",\"contentUrl\":\"https:\\\/\\\/www.odemocratagb.com\\\/wp-content\\\/uploads\\\/2026\\\/04\\\/logo-odemocratagb.png\",\"width\":1250,\"height\":327,\"caption\":\"O Democrata GB\"},\"image\":{\"@id\":\"https:\\\/\\\/www.odemocratagb.com\\\/#\\\/schema\\\/logo\\\/image\\\/\"},\"sameAs\":[\"https:\\\/\\\/www.facebook.com\\\/jornaldaguinebissau\",\"https:\\\/\\\/www.instagram.com\\\/odemocratagb\"]},{\"@type\":\"Person\",\"@id\":\"https:\\\/\\\/www.odemocratagb.com\\\/#\\\/schema\\\/person\\\/c5e683adeaf9b557e57cf1a8a591b0c0\",\"name\":\"Jornal Odemocrata\",\"image\":{\"@type\":\"ImageObject\",\"inLanguage\":\"pt-BR\",\"@id\":\"https:\\\/\\\/secure.gravatar.com\\\/avatar\\\/09cb6b76eee5612f7cfca9e0089e2f17141d417bd034905eee842945c87fd87f?s=96&d=mm&r=g\",\"url\":\"https:\\\/\\\/secure.gravatar.com\\\/avatar\\\/09cb6b76eee5612f7cfca9e0089e2f17141d417bd034905eee842945c87fd87f?s=96&d=mm&r=g\",\"contentUrl\":\"https:\\\/\\\/secure.gravatar.com\\\/avatar\\\/09cb6b76eee5612f7cfca9e0089e2f17141d417bd034905eee842945c87fd87f?s=96&d=mm&r=g\",\"caption\":\"Jornal Odemocrata\"},\"sameAs\":[\"http:\\\/\\\/odemocratagb.com\"],\"url\":\"https:\\\/\\\/www.odemocratagb.com\\\/?author=4\"}]}<\/script>\n<!-- \/ Yoast SEO plugin. -->","yoast_head_json":{"title":"Tombali une diversidade \u00e9tnica e cultura no lan\u00e7amento do FESTOMBALI - O Democrata GB","robots":{"index":"index","follow":"follow","max-snippet":"max-snippet:-1","max-image-preview":"max-image-preview:large","max-video-preview":"max-video-preview:-1"},"canonical":"https:\/\/www.odemocratagb.com\/?p=58934","og_locale":"pt_BR","og_type":"article","og_title":"Tombali une diversidade \u00e9tnica e cultura no lan\u00e7amento do FESTOMBALI - O Democrata GB","og_description":"O coordenador-geral da Comiss\u00e3o FESTOMBALI, Ant\u00f3nio Patroc\u00ednio Barbosa, afirmou este s\u00e1bado, 5 de setembro de 2026, em Cati\u00f3, que a...","og_url":"https:\/\/www.odemocratagb.com\/?p=58934","og_site_name":"O Democrata GB","article_publisher":"https:\/\/www.facebook.com\/jornaldaguinebissau","article_published_time":"2026-09-06T07:17:28+00:00","article_modified_time":"2026-09-06T07:18:21+00:00","og_image":[{"width":1008,"height":567,"url":"https:\/\/www.odemocratagb.com\/wp-content\/uploads\/2026\/09\/a26ff942-e091-4e85-989c-ed8be7b470b8.jpeg","type":"image\/jpeg"}],"author":"Jornal Odemocrata","twitter_card":"summary_large_image","twitter_misc":{"Escrito por":"Jornal Odemocrata","Est. tempo de leitura":"3 minutos"},"schema":{"@context":"https:\/\/schema.org","@graph":[{"@type":"Article","@id":"https:\/\/www.odemocratagb.com\/?p=58934#article","isPartOf":{"@id":"https:\/\/www.odemocratagb.com\/?p=58934"},"author":{"name":"Jornal Odemocrata","@id":"https:\/\/www.odemocratagb.com\/#\/schema\/person\/c5e683adeaf9b557e57cf1a8a591b0c0"},"headline":"Tombali une diversidade \u00e9tnica e cultura no lan\u00e7amento do FESTOMBALI","datePublished":"2026-09-06T07:17:28+00:00","dateModified":"2026-09-06T07:18:21+00:00","mainEntityOfPage":{"@id":"https:\/\/www.odemocratagb.com\/?p=58934"},"wordCount":515,"commentCount":0,"publisher":{"@id":"https:\/\/www.odemocratagb.com\/#organization"},"image":{"@id":"https:\/\/www.odemocratagb.com\/?p=58934#primaryimage"},"thumbnailUrl":"https:\/\/www.odemocratagb.com\/wp-content\/uploads\/2026\/09\/a26ff942-e091-4e85-989c-ed8be7b470b8.jpeg","articleSection":["Cultura"],"inLanguage":"pt-BR","potentialAction":[{"@type":"CommentAction","name":"Comment","target":["https:\/\/www.odemocratagb.com\/?p=58934#respond"]}]},{"@type":"WebPage","@id":"https:\/\/www.odemocratagb.com\/?p=58934","url":"https:\/\/www.odemocratagb.com\/?p=58934","name":"Tombali une diversidade \u00e9tnica e cultura no lan\u00e7amento do FESTOMBALI - O Democrata GB","isPartOf":{"@id":"https:\/\/www.odemocratagb.com\/#website"},"primaryImageOfPage":{"@id":"https:\/\/www.odemocratagb.com\/?p=58934#primaryimage"},"image":{"@id":"https:\/\/www.odemocratagb.com\/?p=58934#primaryimage"},"thumbnailUrl":"https:\/\/www.odemocratagb.com\/wp-content\/uploads\/2026\/09\/a26ff942-e091-4e85-989c-ed8be7b470b8.jpeg","datePublished":"2026-09-06T07:17:28+00:00","dateModified":"2026-09-06T07:18:21+00:00","breadcrumb":{"@id":"https:\/\/www.odemocratagb.com\/?p=58934#breadcrumb"},"inLanguage":"pt-BR","potentialAction":[{"@type":"ReadAction","target":["https:\/\/www.odemocratagb.com\/?p=58934"]}]},{"@type":"ImageObject","inLanguage":"pt-BR","@id":"https:\/\/www.odemocratagb.com\/?p=58934#primaryimage","url":"https:\/\/www.odemocratagb.com\/wp-content\/uploads\/2026\/09\/a26ff942-e091-4e85-989c-ed8be7b470b8.jpeg","contentUrl":"https:\/\/www.odemocratagb.com\/wp-content\/uploads\/2026\/09\/a26ff942-e091-4e85-989c-ed8be7b470b8.jpeg","width":1008,"height":567},{"@type":"BreadcrumbList","@id":"https:\/\/www.odemocratagb.com\/?p=58934#breadcrumb","itemListElement":[{"@type":"ListItem","position":1,"name":"In\u00edcio","item":"https:\/\/www.odemocratagb.com\/"},{"@type":"ListItem","position":2,"name":"Tombali une diversidade \u00e9tnica e cultura no lan\u00e7amento do FESTOMBALI"}]},{"@type":"WebSite","@id":"https:\/\/www.odemocratagb.com\/#website","url":"https:\/\/www.odemocratagb.com\/","name":"O Democrata GB","description":"Jornal O Democrata GB","publisher":{"@id":"https:\/\/www.odemocratagb.com\/#organization"},"potentialAction":[{"@type":"SearchAction","target":{"@type":"EntryPoint","urlTemplate":"https:\/\/www.odemocratagb.com\/?s={search_term_string}"},"query-input":{"@type":"PropertyValueSpecification","valueRequired":true,"valueName":"search_term_string"}}],"inLanguage":"pt-BR"},{"@type":"Organization","@id":"https:\/\/www.odemocratagb.com\/#organization","name":"O Democrata GB","url":"https:\/\/www.odemocratagb.com\/","logo":{"@type":"ImageObject","inLanguage":"pt-BR","@id":"https:\/\/www.odemocratagb.com\/#\/schema\/logo\/image\/","url":"https:\/\/www.odemocratagb.com\/wp-content\/uploads\/2026\/04\/logo-odemocratagb.png","contentUrl":"https:\/\/www.odemocratagb.com\/wp-content\/uploads\/2026\/04\/logo-odemocratagb.png","width":1250,"height":327,"caption":"O Democrata GB"},"image":{"@id":"https:\/\/www.odemocratagb.com\/#\/schema\/logo\/image\/"},"sameAs":["https:\/\/www.facebook.com\/jornaldaguinebissau","https:\/\/www.instagram.com\/odemocratagb"]},{"@type":"Person","@id":"https:\/\/www.odemocratagb.com\/#\/schema\/person\/c5e683adeaf9b557e57cf1a8a591b0c0","name":"Jornal Odemocrata","image":{"@type":"ImageObject","inLanguage":"pt-BR","@id":"https:\/\/secure.gravatar.com\/avatar\/09cb6b76eee5612f7cfca9e0089e2f17141d417bd034905eee842945c87fd87f?s=96&d=mm&r=g","url":"https:\/\/secure.gravatar.com\/avatar\/09cb6b76eee5612f7cfca9e0089e2f17141d417bd034905eee842945c87fd87f?s=96&d=mm&r=g","contentUrl":"https:\/\/secure.gravatar.com\/avatar\/09cb6b76eee5612f7cfca9e0089e2f17141d417bd034905eee842945c87fd87f?s=96&d=mm&r=g","caption":"Jornal Odemocrata"},"sameAs":["http:\/\/odemocratagb.com"],"url":"https:\/\/www.odemocratagb.com\/?author=4"}]}},"_links":{"self":[{"href":"https:\/\/www.odemocratagb.com\/index.php?rest_route=\/wp\/v2\/posts\/58934","targetHints":{"allow":["GET"]}}],"collection":[{"href":"https:\/\/www.odemocratagb.com\/index.php?rest_route=\/wp\/v2\/posts"}],"about":[{"href":"https:\/\/www.odemocratagb.com\/index.php?rest_route=\/wp\/v2\/types\/post"}],"author":[{"embeddable":true,"href":"https:\/\/www.odemocratagb.com\/index.php?rest_route=\/wp\/v2\/users\/4"}],"replies":[{"embeddable":true,"href":"https:\/\/www.odemocratagb.com\/index.php?rest_route=%2Fwp%2Fv2%2Fcomments&post=58934"}],"version-history":[{"count":2,"href":"https:\/\/www.odemocratagb.com\/index.php?rest_route=\/wp\/v2\/posts\/58934\/revisions"}],"predecessor-version":[{"id":58938,"href":"https:\/\/www.odemocratagb.com\/index.php?rest_route=\/wp\/v2\/posts\/58934\/revisions\/58938"}],"wp:featuredmedia":[{"embeddable":true,"href":"https:\/\/www.odemocratagb.com\/index.php?rest_route=\/wp\/v2\/media\/58935"}],"wp:attachment":[{"href":"https:\/\/www.odemocratagb.com\/index.php?rest_route=%2Fwp%2Fv2%2Fmedia&parent=58934"}],"wp:term":[{"taxonomy":"category","embeddable":true,"href":"https:\/\/www.odemocratagb.com\/index.php?rest_route=%2Fwp%2Fv2%2Fcategories&post=58934"},{"taxonomy":"post_tag","embeddable":true,"href":"https:\/\/www.odemocratagb.com\/index.php?rest_route=%2Fwp%2Fv2%2Ftags&post=58934"}],"curies":[{"name":"wp","href":"https:\/\/api.w.org\/{rel}","templated":true}]}}