{"id":7034,"date":"2015-11-19T22:44:11","date_gmt":"2015-11-19T22:44:11","guid":{"rendered":"http:\/\/www.odemocratagb.com\/?p=7034"},"modified":"2015-11-19T22:44:11","modified_gmt":"2015-11-19T22:44:11","slug":"presidente-de-associacao-artistas-plasticos-nao-ha-valorizacao-de-belas-artes-na-guine-bissau","status":"publish","type":"post","link":"https:\/\/www.odemocratagb.com\/?p=7034","title":{"rendered":"Presidente de Associa\u00e7\u00e3o Artistas Pl\u00e1sticos: \u201cN\u00c3O H\u00c1 VALORIZA\u00c7\u00c3O DE BELAS ARTES NA GUIN\u00c9-BISSAU\u201d"},"content":{"rendered":"<p>O Presidente de Associa\u00e7\u00e3o de Artistas Pl\u00e1sticos (Bissauarte), Lemos Mamadj\u00e3 Hip\u00f3lito Djata disse que na Guin\u00e9-Bissau n\u00e3o h\u00e1 grande promo\u00e7\u00e3o ou valoriza\u00e7\u00e3o das \u00e1reas de \u201cBelas Artes\u201d que segundo ele \u00e9 fundamental para o desenvolvimento de qualquer pa\u00eds.<\/p>\n<p>Falando em exclusivo a \u201dO Democrata\u201d depois da exposi\u00e7\u00e3o de pintura \u201cExalta\u00e7\u00e3o das Cores II\u201d realizada no Centro Cultural Portugu\u00eas, Lemos Mamadj\u00e3 Hip\u00f3lito Djata explicou que a exposi\u00e7\u00e3o \u00e9 para dar continuidade ao que tinham realizado em Lisboa e Figueira de Foz h\u00e1 tr\u00eas meses e reconhecimento da Embaixada de Portugal pelo apoio na concess\u00e3o dos vistos aos artistas pl\u00e1sticos em realizar este evento na Europa.<\/p>\n<p>\u201cAus\u00eancia das pessoas neste evento de exposi\u00e7\u00e3o tem a ver com a falta de cultura art\u00edstica e sentimentos exprimido para com os artistas pl\u00e1sticos nos desenhos figurante nos quadros, como dizem n\u00e3o existe artista sem p\u00fablico e n\u00e3o h\u00e1 p\u00fablico sem artista\u201d notou.<\/p>\n<p>O Artista Pl\u00e1stico Ismael Djata disse que a cultura n\u00e3o \u00e9 s\u00f3 m\u00fasica, mas sim \u00e9 uma coisa ampla, \u201cneste pa\u00eds as pessoas entendem que a cultura \u00e9 bater palmas e beber cerveja, mas tudo isso tem a ver com o pa\u00eds que temos come\u00e7ando por falta de ensino de qualidade as escolas que deve ser lugar para ensinar e explicar o significado deste trabalho de pintura\u201d.<\/p>\n<p>Ismael Djata explicou que no exterior foram recebidos e a sala onde realizaram a exposi\u00e7\u00e3o de pintura denominado \u201cExalta\u00e7\u00e3o das Cores II\u201d estava cheia porque essas pessoas tem conhecimento sobre a import\u00e2ncia deste trabalho no mundo. Tendo acrescentado que \u00e9 preciso mudan\u00e7a de mentalidade, cultura social e desenvolvido.<\/p>\n<p>O Presidente da Comiss\u00e3o organizadora da exposi\u00e7\u00e3o de pintura \u201cExalta\u00e7\u00e3o das Cores II\u201d Bidanmatcha Pires Hopffer assegurou que o evento tem como objectivo reconhecer a embaixada de Portugal, mas tamb\u00e9m mostrar ao povo guineense que arte pl\u00e1stica \u00e9 uma coisa especial, maravilhosa e que deve ser valorizada para a sua afirma\u00e7\u00e3o no pa\u00eds.<\/p>\n<p>De recordar que nesta exposi\u00e7\u00e3o de pintura denominado \u201cExalta\u00e7\u00e3o das Cores II\u201d foram apresentadas cerca de quinze trabalhos da velha e nova gera\u00e7\u00e3o.<\/p>\n<p>&nbsp;<\/p>\n<p>Por: Aguinaldo Ampa<\/p>\n","protected":false},"excerpt":{"rendered":"<p>O Presidente de Associa\u00e7\u00e3o de Artistas Pl\u00e1sticos (Bissauarte), Lemos Mamadj\u00e3 Hip\u00f3lito Djata disse que na Guin\u00e9-Bissau n\u00e3o h\u00e1 grande promo\u00e7\u00e3o&#8230;<\/p>\n","protected":false},"author":4,"featured_media":7032,"comment_status":"open","ping_status":"open","sticky":false,"template":"","format":"standard","meta":{"footnotes":""},"categories":[6,27],"tags":[],"class_list":["post-7034","post","type-post","status-publish","format-standard","has-post-thumbnail","hentry","category-inicio","category-cultura","wpcat-6-id","wpcat-27-id"],"yoast_head":"<!-- This site is optimized with the Yoast SEO plugin v27.5 - https:\/\/yoast.com\/product\/yoast-seo-wordpress\/ -->\n<title>Presidente de Associa\u00e7\u00e3o Artistas Pl\u00e1sticos: \u201cN\u00c3O H\u00c1 VALORIZA\u00c7\u00c3O DE BELAS ARTES NA GUIN\u00c9-BISSAU\u201d - O Democrata GB<\/title>\n<meta name=\"robots\" content=\"index, follow, max-snippet:-1, max-image-preview:large, max-video-preview:-1\" \/>\n<link rel=\"canonical\" href=\"https:\/\/www.odemocratagb.com\/?p=7034\" \/>\n<meta property=\"og:locale\" content=\"pt_BR\" \/>\n<meta property=\"og:type\" content=\"article\" \/>\n<meta property=\"og:title\" content=\"Presidente de Associa\u00e7\u00e3o Artistas Pl\u00e1sticos: \u201cN\u00c3O H\u00c1 VALORIZA\u00c7\u00c3O DE BELAS ARTES NA GUIN\u00c9-BISSAU\u201d - O Democrata GB\" \/>\n<meta property=\"og:description\" content=\"O Presidente de Associa\u00e7\u00e3o de Artistas Pl\u00e1sticos (Bissauarte), Lemos Mamadj\u00e3 Hip\u00f3lito Djata disse que na Guin\u00e9-Bissau n\u00e3o h\u00e1 grande promo\u00e7\u00e3o...\" \/>\n<meta property=\"og:url\" content=\"https:\/\/www.odemocratagb.com\/?p=7034\" \/>\n<meta property=\"og:site_name\" content=\"O Democrata GB\" \/>\n<meta property=\"article:publisher\" content=\"https:\/\/www.facebook.com\/jornaldaguinebissau\" \/>\n<meta property=\"article:published_time\" content=\"2015-11-19T22:44:11+00:00\" \/>\n<meta property=\"og:image\" content=\"https:\/\/www.odemocratagb.com\/wp-content\/uploads\/2015\/11\/image20.jpeg\" \/>\n\t<meta property=\"og:image:width\" content=\"1280\" \/>\n\t<meta property=\"og:image:height\" content=\"1920\" \/>\n\t<meta property=\"og:image:type\" content=\"image\/jpeg\" \/>\n<meta name=\"author\" content=\"Jornal Odemocrata\" \/>\n<meta name=\"twitter:card\" content=\"summary_large_image\" \/>\n<meta name=\"twitter:label1\" content=\"Escrito por\" \/>\n\t<meta name=\"twitter:data1\" content=\"Jornal Odemocrata\" \/>\n\t<meta name=\"twitter:label2\" content=\"Est. tempo de leitura\" \/>\n\t<meta name=\"twitter:data2\" content=\"2 minutos\" \/>\n<script type=\"application\/ld+json\" class=\"yoast-schema-graph\">{\"@context\":\"https:\\\/\\\/schema.org\",\"@graph\":[{\"@type\":\"Article\",\"@id\":\"https:\\\/\\\/www.odemocratagb.com\\\/?p=7034#article\",\"isPartOf\":{\"@id\":\"https:\\\/\\\/www.odemocratagb.com\\\/?p=7034\"},\"author\":{\"name\":\"Jornal Odemocrata\",\"@id\":\"https:\\\/\\\/www.odemocratagb.com\\\/#\\\/schema\\\/person\\\/c5e683adeaf9b557e57cf1a8a591b0c0\"},\"headline\":\"Presidente de Associa\u00e7\u00e3o Artistas Pl\u00e1sticos: \u201cN\u00c3O H\u00c1 VALORIZA\u00c7\u00c3O DE BELAS ARTES NA GUIN\u00c9-BISSAU\u201d\",\"datePublished\":\"2015-11-19T22:44:11+00:00\",\"mainEntityOfPage\":{\"@id\":\"https:\\\/\\\/www.odemocratagb.com\\\/?p=7034\"},\"wordCount\":397,\"commentCount\":0,\"publisher\":{\"@id\":\"https:\\\/\\\/www.odemocratagb.com\\\/#organization\"},\"image\":{\"@id\":\"https:\\\/\\\/www.odemocratagb.com\\\/?p=7034#primaryimage\"},\"thumbnailUrl\":\"https:\\\/\\\/www.odemocratagb.com\\\/wp-content\\\/uploads\\\/2015\\\/11\\\/image20.jpeg\",\"articleSection\":[\"Atualidade\",\"Cultura\"],\"inLanguage\":\"pt-BR\",\"potentialAction\":[{\"@type\":\"CommentAction\",\"name\":\"Comment\",\"target\":[\"https:\\\/\\\/www.odemocratagb.com\\\/?p=7034#respond\"]}]},{\"@type\":\"WebPage\",\"@id\":\"https:\\\/\\\/www.odemocratagb.com\\\/?p=7034\",\"url\":\"https:\\\/\\\/www.odemocratagb.com\\\/?p=7034\",\"name\":\"Presidente de Associa\u00e7\u00e3o Artistas Pl\u00e1sticos: \u201cN\u00c3O H\u00c1 VALORIZA\u00c7\u00c3O DE BELAS ARTES NA GUIN\u00c9-BISSAU\u201d - O Democrata GB\",\"isPartOf\":{\"@id\":\"https:\\\/\\\/www.odemocratagb.com\\\/#website\"},\"primaryImageOfPage\":{\"@id\":\"https:\\\/\\\/www.odemocratagb.com\\\/?p=7034#primaryimage\"},\"image\":{\"@id\":\"https:\\\/\\\/www.odemocratagb.com\\\/?p=7034#primaryimage\"},\"thumbnailUrl\":\"https:\\\/\\\/www.odemocratagb.com\\\/wp-content\\\/uploads\\\/2015\\\/11\\\/image20.jpeg\",\"datePublished\":\"2015-11-19T22:44:11+00:00\",\"breadcrumb\":{\"@id\":\"https:\\\/\\\/www.odemocratagb.com\\\/?p=7034#breadcrumb\"},\"inLanguage\":\"pt-BR\",\"potentialAction\":[{\"@type\":\"ReadAction\",\"target\":[\"https:\\\/\\\/www.odemocratagb.com\\\/?p=7034\"]}]},{\"@type\":\"ImageObject\",\"inLanguage\":\"pt-BR\",\"@id\":\"https:\\\/\\\/www.odemocratagb.com\\\/?p=7034#primaryimage\",\"url\":\"https:\\\/\\\/www.odemocratagb.com\\\/wp-content\\\/uploads\\\/2015\\\/11\\\/image20.jpeg\",\"contentUrl\":\"https:\\\/\\\/www.odemocratagb.com\\\/wp-content\\\/uploads\\\/2015\\\/11\\\/image20.jpeg\",\"width\":1280,\"height\":1920},{\"@type\":\"BreadcrumbList\",\"@id\":\"https:\\\/\\\/www.odemocratagb.com\\\/?p=7034#breadcrumb\",\"itemListElement\":[{\"@type\":\"ListItem\",\"position\":1,\"name\":\"In\u00edcio\",\"item\":\"https:\\\/\\\/www.odemocratagb.com\\\/\"},{\"@type\":\"ListItem\",\"position\":2,\"name\":\"Presidente de Associa\u00e7\u00e3o Artistas Pl\u00e1sticos: \u201cN\u00c3O H\u00c1 VALORIZA\u00c7\u00c3O DE BELAS ARTES NA GUIN\u00c9-BISSAU\u201d\"}]},{\"@type\":\"WebSite\",\"@id\":\"https:\\\/\\\/www.odemocratagb.com\\\/#website\",\"url\":\"https:\\\/\\\/www.odemocratagb.com\\\/\",\"name\":\"O Democrata GB\",\"description\":\"Jornal O Democrata GB\",\"publisher\":{\"@id\":\"https:\\\/\\\/www.odemocratagb.com\\\/#organization\"},\"potentialAction\":[{\"@type\":\"SearchAction\",\"target\":{\"@type\":\"EntryPoint\",\"urlTemplate\":\"https:\\\/\\\/www.odemocratagb.com\\\/?s={search_term_string}\"},\"query-input\":{\"@type\":\"PropertyValueSpecification\",\"valueRequired\":true,\"valueName\":\"search_term_string\"}}],\"inLanguage\":\"pt-BR\"},{\"@type\":\"Organization\",\"@id\":\"https:\\\/\\\/www.odemocratagb.com\\\/#organization\",\"name\":\"O Democrata GB\",\"url\":\"https:\\\/\\\/www.odemocratagb.com\\\/\",\"logo\":{\"@type\":\"ImageObject\",\"inLanguage\":\"pt-BR\",\"@id\":\"https:\\\/\\\/www.odemocratagb.com\\\/#\\\/schema\\\/logo\\\/image\\\/\",\"url\":\"https:\\\/\\\/www.odemocratagb.com\\\/wp-content\\\/uploads\\\/2026\\\/04\\\/logo-odemocratagb.png\",\"contentUrl\":\"https:\\\/\\\/www.odemocratagb.com\\\/wp-content\\\/uploads\\\/2026\\\/04\\\/logo-odemocratagb.png\",\"width\":1250,\"height\":327,\"caption\":\"O Democrata GB\"},\"image\":{\"@id\":\"https:\\\/\\\/www.odemocratagb.com\\\/#\\\/schema\\\/logo\\\/image\\\/\"},\"sameAs\":[\"https:\\\/\\\/www.facebook.com\\\/jornaldaguinebissau\",\"https:\\\/\\\/www.instagram.com\\\/odemocratagb\"]},{\"@type\":\"Person\",\"@id\":\"https:\\\/\\\/www.odemocratagb.com\\\/#\\\/schema\\\/person\\\/c5e683adeaf9b557e57cf1a8a591b0c0\",\"name\":\"Jornal Odemocrata\",\"image\":{\"@type\":\"ImageObject\",\"inLanguage\":\"pt-BR\",\"@id\":\"https:\\\/\\\/secure.gravatar.com\\\/avatar\\\/09cb6b76eee5612f7cfca9e0089e2f17141d417bd034905eee842945c87fd87f?s=96&d=mm&r=g\",\"url\":\"https:\\\/\\\/secure.gravatar.com\\\/avatar\\\/09cb6b76eee5612f7cfca9e0089e2f17141d417bd034905eee842945c87fd87f?s=96&d=mm&r=g\",\"contentUrl\":\"https:\\\/\\\/secure.gravatar.com\\\/avatar\\\/09cb6b76eee5612f7cfca9e0089e2f17141d417bd034905eee842945c87fd87f?s=96&d=mm&r=g\",\"caption\":\"Jornal Odemocrata\"},\"sameAs\":[\"http:\\\/\\\/odemocratagb.com\"],\"url\":\"https:\\\/\\\/www.odemocratagb.com\\\/?author=4\"}]}<\/script>\n<!-- \/ Yoast SEO plugin. -->","yoast_head_json":{"title":"Presidente de Associa\u00e7\u00e3o Artistas Pl\u00e1sticos: \u201cN\u00c3O H\u00c1 VALORIZA\u00c7\u00c3O DE BELAS ARTES NA GUIN\u00c9-BISSAU\u201d - O Democrata GB","robots":{"index":"index","follow":"follow","max-snippet":"max-snippet:-1","max-image-preview":"max-image-preview:large","max-video-preview":"max-video-preview:-1"},"canonical":"https:\/\/www.odemocratagb.com\/?p=7034","og_locale":"pt_BR","og_type":"article","og_title":"Presidente de Associa\u00e7\u00e3o Artistas Pl\u00e1sticos: \u201cN\u00c3O H\u00c1 VALORIZA\u00c7\u00c3O DE BELAS ARTES NA GUIN\u00c9-BISSAU\u201d - O Democrata GB","og_description":"O Presidente de Associa\u00e7\u00e3o de Artistas Pl\u00e1sticos (Bissauarte), Lemos Mamadj\u00e3 Hip\u00f3lito Djata disse que na Guin\u00e9-Bissau n\u00e3o h\u00e1 grande promo\u00e7\u00e3o...","og_url":"https:\/\/www.odemocratagb.com\/?p=7034","og_site_name":"O Democrata GB","article_publisher":"https:\/\/www.facebook.com\/jornaldaguinebissau","article_published_time":"2015-11-19T22:44:11+00:00","og_image":[{"width":1280,"height":1920,"url":"https:\/\/www.odemocratagb.com\/wp-content\/uploads\/2015\/11\/image20.jpeg","type":"image\/jpeg"}],"author":"Jornal Odemocrata","twitter_card":"summary_large_image","twitter_misc":{"Escrito por":"Jornal Odemocrata","Est. tempo de leitura":"2 minutos"},"schema":{"@context":"https:\/\/schema.org","@graph":[{"@type":"Article","@id":"https:\/\/www.odemocratagb.com\/?p=7034#article","isPartOf":{"@id":"https:\/\/www.odemocratagb.com\/?p=7034"},"author":{"name":"Jornal Odemocrata","@id":"https:\/\/www.odemocratagb.com\/#\/schema\/person\/c5e683adeaf9b557e57cf1a8a591b0c0"},"headline":"Presidente de Associa\u00e7\u00e3o Artistas Pl\u00e1sticos: \u201cN\u00c3O H\u00c1 VALORIZA\u00c7\u00c3O DE BELAS ARTES NA GUIN\u00c9-BISSAU\u201d","datePublished":"2015-11-19T22:44:11+00:00","mainEntityOfPage":{"@id":"https:\/\/www.odemocratagb.com\/?p=7034"},"wordCount":397,"commentCount":0,"publisher":{"@id":"https:\/\/www.odemocratagb.com\/#organization"},"image":{"@id":"https:\/\/www.odemocratagb.com\/?p=7034#primaryimage"},"thumbnailUrl":"https:\/\/www.odemocratagb.com\/wp-content\/uploads\/2015\/11\/image20.jpeg","articleSection":["Atualidade","Cultura"],"inLanguage":"pt-BR","potentialAction":[{"@type":"CommentAction","name":"Comment","target":["https:\/\/www.odemocratagb.com\/?p=7034#respond"]}]},{"@type":"WebPage","@id":"https:\/\/www.odemocratagb.com\/?p=7034","url":"https:\/\/www.odemocratagb.com\/?p=7034","name":"Presidente de Associa\u00e7\u00e3o Artistas Pl\u00e1sticos: \u201cN\u00c3O H\u00c1 VALORIZA\u00c7\u00c3O DE BELAS ARTES NA GUIN\u00c9-BISSAU\u201d - O Democrata GB","isPartOf":{"@id":"https:\/\/www.odemocratagb.com\/#website"},"primaryImageOfPage":{"@id":"https:\/\/www.odemocratagb.com\/?p=7034#primaryimage"},"image":{"@id":"https:\/\/www.odemocratagb.com\/?p=7034#primaryimage"},"thumbnailUrl":"https:\/\/www.odemocratagb.com\/wp-content\/uploads\/2015\/11\/image20.jpeg","datePublished":"2015-11-19T22:44:11+00:00","breadcrumb":{"@id":"https:\/\/www.odemocratagb.com\/?p=7034#breadcrumb"},"inLanguage":"pt-BR","potentialAction":[{"@type":"ReadAction","target":["https:\/\/www.odemocratagb.com\/?p=7034"]}]},{"@type":"ImageObject","inLanguage":"pt-BR","@id":"https:\/\/www.odemocratagb.com\/?p=7034#primaryimage","url":"https:\/\/www.odemocratagb.com\/wp-content\/uploads\/2015\/11\/image20.jpeg","contentUrl":"https:\/\/www.odemocratagb.com\/wp-content\/uploads\/2015\/11\/image20.jpeg","width":1280,"height":1920},{"@type":"BreadcrumbList","@id":"https:\/\/www.odemocratagb.com\/?p=7034#breadcrumb","itemListElement":[{"@type":"ListItem","position":1,"name":"In\u00edcio","item":"https:\/\/www.odemocratagb.com\/"},{"@type":"ListItem","position":2,"name":"Presidente de Associa\u00e7\u00e3o Artistas Pl\u00e1sticos: \u201cN\u00c3O H\u00c1 VALORIZA\u00c7\u00c3O DE BELAS ARTES NA GUIN\u00c9-BISSAU\u201d"}]},{"@type":"WebSite","@id":"https:\/\/www.odemocratagb.com\/#website","url":"https:\/\/www.odemocratagb.com\/","name":"O Democrata GB","description":"Jornal O Democrata GB","publisher":{"@id":"https:\/\/www.odemocratagb.com\/#organization"},"potentialAction":[{"@type":"SearchAction","target":{"@type":"EntryPoint","urlTemplate":"https:\/\/www.odemocratagb.com\/?s={search_term_string}"},"query-input":{"@type":"PropertyValueSpecification","valueRequired":true,"valueName":"search_term_string"}}],"inLanguage":"pt-BR"},{"@type":"Organization","@id":"https:\/\/www.odemocratagb.com\/#organization","name":"O Democrata GB","url":"https:\/\/www.odemocratagb.com\/","logo":{"@type":"ImageObject","inLanguage":"pt-BR","@id":"https:\/\/www.odemocratagb.com\/#\/schema\/logo\/image\/","url":"https:\/\/www.odemocratagb.com\/wp-content\/uploads\/2026\/04\/logo-odemocratagb.png","contentUrl":"https:\/\/www.odemocratagb.com\/wp-content\/uploads\/2026\/04\/logo-odemocratagb.png","width":1250,"height":327,"caption":"O Democrata GB"},"image":{"@id":"https:\/\/www.odemocratagb.com\/#\/schema\/logo\/image\/"},"sameAs":["https:\/\/www.facebook.com\/jornaldaguinebissau","https:\/\/www.instagram.com\/odemocratagb"]},{"@type":"Person","@id":"https:\/\/www.odemocratagb.com\/#\/schema\/person\/c5e683adeaf9b557e57cf1a8a591b0c0","name":"Jornal Odemocrata","image":{"@type":"ImageObject","inLanguage":"pt-BR","@id":"https:\/\/secure.gravatar.com\/avatar\/09cb6b76eee5612f7cfca9e0089e2f17141d417bd034905eee842945c87fd87f?s=96&d=mm&r=g","url":"https:\/\/secure.gravatar.com\/avatar\/09cb6b76eee5612f7cfca9e0089e2f17141d417bd034905eee842945c87fd87f?s=96&d=mm&r=g","contentUrl":"https:\/\/secure.gravatar.com\/avatar\/09cb6b76eee5612f7cfca9e0089e2f17141d417bd034905eee842945c87fd87f?s=96&d=mm&r=g","caption":"Jornal Odemocrata"},"sameAs":["http:\/\/odemocratagb.com"],"url":"https:\/\/www.odemocratagb.com\/?author=4"}]}},"_links":{"self":[{"href":"https:\/\/www.odemocratagb.com\/index.php?rest_route=\/wp\/v2\/posts\/7034","targetHints":{"allow":["GET"]}}],"collection":[{"href":"https:\/\/www.odemocratagb.com\/index.php?rest_route=\/wp\/v2\/posts"}],"about":[{"href":"https:\/\/www.odemocratagb.com\/index.php?rest_route=\/wp\/v2\/types\/post"}],"author":[{"embeddable":true,"href":"https:\/\/www.odemocratagb.com\/index.php?rest_route=\/wp\/v2\/users\/4"}],"replies":[{"embeddable":true,"href":"https:\/\/www.odemocratagb.com\/index.php?rest_route=%2Fwp%2Fv2%2Fcomments&post=7034"}],"version-history":[{"count":1,"href":"https:\/\/www.odemocratagb.com\/index.php?rest_route=\/wp\/v2\/posts\/7034\/revisions"}],"predecessor-version":[{"id":7035,"href":"https:\/\/www.odemocratagb.com\/index.php?rest_route=\/wp\/v2\/posts\/7034\/revisions\/7035"}],"wp:featuredmedia":[{"embeddable":true,"href":"https:\/\/www.odemocratagb.com\/index.php?rest_route=\/wp\/v2\/media\/7032"}],"wp:attachment":[{"href":"https:\/\/www.odemocratagb.com\/index.php?rest_route=%2Fwp%2Fv2%2Fmedia&parent=7034"}],"wp:term":[{"taxonomy":"category","embeddable":true,"href":"https:\/\/www.odemocratagb.com\/index.php?rest_route=%2Fwp%2Fv2%2Fcategories&post=7034"},{"taxonomy":"post_tag","embeddable":true,"href":"https:\/\/www.odemocratagb.com\/index.php?rest_route=%2Fwp%2Fv2%2Ftags&post=7034"}],"curies":[{"name":"wp","href":"https:\/\/api.w.org\/{rel}","templated":true}]}}